{"id":428731,"date":"2025-09-30T13:52:13","date_gmt":"2025-09-30T13:52:13","guid":{"rendered":"https:\/\/www.europesays.com\/fr\/428731\/"},"modified":"2025-09-30T13:52:13","modified_gmt":"2025-09-30T13:52:13","slug":"un-week-end-parfait","status":"publish","type":"post","link":"https:\/\/www.europesays.com\/fr\/428731\/","title":{"rendered":"\u00ab Un week-end parfait \u00bb"},"content":{"rendered":"<p>&#13;<\/p>\n<p><strong>Joan Mir a sign\u00e9 son premier podium avec Honda en MotoGP, ce dimanche \u00e0 Motegi. <\/strong><\/p>\n<p>Troisi\u00e8me sous le drapeau \u00e0 damier, Joan Mir met fin \u00e0 pr\u00e8s de quatre ans d\u2019attente, 1421 jours pour \u00eatre pr\u00e9cis, depuis son dernier podium. <\/p>\n<p>C&rsquo;est aussi le premier Top 3 de l&rsquo;\u00e9quipe officielle Honda depuis Marc Marquez au Japon en 2023. \u00ab Quel week-end ! Franchement parfait, a\u2013t-il confi\u00e9. Hier, j\u2019\u00e9tais si proche de la pole et du podium mais j\u2019ai manqu\u00e9 les deux. Aujourd\u2019hui il fallait saisir sa chance ! Je savais que ce serait dur, parce qu\u2019en course longue il faut tout contr\u00f4ler parfaitement. J\u2019ai beaucoup attaqu\u00e9 au freinage pour \u00e9conomiser les pneus et dans la deuxi\u00e8me moiti\u00e9 j\u2019ai pu creuser un \u00e9cart et g\u00e9rer, en revenant m\u00eame sur Marc devant. C\u2019est fantastique, je suis super heureux pour moi et pour Honda. \u00bb<\/p>\n<p>Et d&rsquo;ajouter : \u00ab Apr\u00e8s tout ce que nous avons travers\u00e9, obtenir ce premier podium, surtout ici au Japon, c\u2019est vraiment sp\u00e9cial. \u00c7a faisait longtemps que moi comme Honda n\u2019avions pas eu un moment comme \u00e7a, parfois la motivation est difficile \u00e0 garder mais ce r\u00e9sultat confirme que tout ce qu\u2019on fait vaut la peine. Maintenant je suis impatient d\u2019aller \u00e0 Lombok, il faut continuer sur cette lanc\u00e9e. \u00bb<\/p>\n<p>&#13;<br \/>\n           &#13;<br \/>\n&#13;<br \/>\n    &#13;<br \/>\n    &#13;<\/p>\n","protected":false},"excerpt":{"rendered":"&#13; Joan Mir a sign\u00e9 son premier podium avec Honda en MotoGP, ce dimanche \u00e0 Motegi. Troisi\u00e8me sous&hellip;\n","protected":false},"author":2,"featured_media":428732,"comment_status":"","ping_status":"","sticky":false,"template":"","format":"standard","meta":{"footnotes":""},"categories":[1413],"tags":[1011,27,1457,1456,60],"class_list":{"0":"post-428731","1":"post","2":"type-post","3":"status-publish","4":"format-standard","5":"has-post-thumbnail","7":"category-moto","8":"tag-fr","9":"tag-france","10":"tag-moto","11":"tag-motocycle","12":"tag-sports"},"share_on_mastodon":{"url":"https:\/\/pubeurope.com\/@fr\/115293581818521709","error":""},"_links":{"self":[{"href":"https:\/\/www.europesays.com\/fr\/wp-json\/wp\/v2\/posts\/428731","targetHints":{"allow":["GET"]}}],"collection":[{"href":"https:\/\/www.europesays.com\/fr\/wp-json\/wp\/v2\/posts"}],"about":[{"href":"https:\/\/www.europesays.com\/fr\/wp-json\/wp\/v2\/types\/post"}],"author":[{"embeddable":true,"href":"https:\/\/www.europesays.com\/fr\/wp-json\/wp\/v2\/users\/2"}],"replies":[{"embeddable":true,"href":"https:\/\/www.europesays.com\/fr\/wp-json\/wp\/v2\/comments?post=428731"}],"version-history":[{"count":0,"href":"https:\/\/www.europesays.com\/fr\/wp-json\/wp\/v2\/posts\/428731\/revisions"}],"wp:featuredmedia":[{"embeddable":true,"href":"https:\/\/www.europesays.com\/fr\/wp-json\/wp\/v2\/media\/428732"}],"wp:attachment":[{"href":"https:\/\/www.europesays.com\/fr\/wp-json\/wp\/v2\/media?parent=428731"}],"wp:term":[{"taxonomy":"category","embeddable":true,"href":"https:\/\/www.europesays.com\/fr\/wp-json\/wp\/v2\/categories?post=428731"},{"taxonomy":"post_tag","embeddable":true,"href":"https:\/\/www.europesays.com\/fr\/wp-json\/wp\/v2\/tags?post=428731"}],"curies":[{"name":"wp","href":"https:\/\/api.w.org\/{rel}","templated":true}]}}