{"id":428741,"date":"2025-09-30T13:57:19","date_gmt":"2025-09-30T13:57:19","guid":{"rendered":"https:\/\/www.europesays.com\/fr\/428741\/"},"modified":"2025-09-30T13:57:19","modified_gmt":"2025-09-30T13:57:19","slug":"danse-bretonne-pourquoi-cette-peinture-oubliee-de-paul-gauguin-est-mise-aux-encheres","status":"publish","type":"post","link":"https:\/\/www.europesays.com\/fr\/428741\/","title":{"rendered":"\u00ab\u00a0Danse bretonne\u00a0\u00bb, pourquoi cette peinture oubli\u00e9e de Paul Gauguin est mise aux ench\u00e8res"},"content":{"rendered":"<p class=\"article__intro\">Jamais expos\u00e9 depuis plus de 10 ans, le panneau \u00ab\u00a0Danse bretonne\u00a0\u00bb de Paul Gauguin, \u0153uvre embl\u00e9matique de la p\u00e9riode bretonne de l&rsquo;artiste, sera vendu aux ench\u00e8res le mardi 9 d\u00e9cembre \u00e0 Paris. Et les prix pourraient s&rsquo;envoler.<\/p>\n<p>\n      L\u2019actu des r\u00e9gions\n    <\/p>\n<p>\n      Chaque jour, un tour d\u2019horizon des principales infos de toutes les r\u00e9gions.\n    <\/p>\n<p>    France T\u00e9l\u00e9visions utilise votre adresse e-mail afin de vous envoyer la newsletter \u00ab\u00a0L\u2019actu des r\u00e9gions\u00a0\u00bb. Vous pouvez vous d\u00e9sinscrire \u00e0 tout moment via le lien en bas de cette newsletter. <a target=\"_blank\" href=\"https:\/\/www.francetelevisions.fr\/groupe\/confidentialite\/politique-de-confidentialite\/politique-de-confidentialite-de-france-televisions-6503\" rel=\"nofollow noopener\">Notre politique de confidentialit\u00e9<\/a><\/p>\n<p>C&rsquo;est sur un panneau de bois que Paul Gauguin a compos\u00e9 en 1898 cette \u0153uvre tout en longueur. Une huile sur panneau d&rsquo;une taille de 20 cm de hauteur sur 85 cm de long. Le panneau faisait partie du d\u00e9cor peint par Gauguin et ses amis Filiger et Meyer de Haan pour la salle \u00e0 manger de La Buvette de la Plage, une petite auberge tenue par Marie Henry au Pouldu, pr\u00e8s de Pont-Aven dans le Finist\u00e8re. Le panneau \u00e9tait install\u00e9 au linteau de la chemin\u00e9e comme le montre la photo ci-dessous, issue de l&rsquo;Association des amis de la Maison Marie Henry.<\/p>\n<p><a data-article-figure=\"\" href=\"https:\/\/france3-regions.franceinfo.fr\/image\/hALPC-HHekECrw5bxkeGumoBXtY\/693x473\/regions\/2025\/09\/30\/reconstitution-salle-a-manger-c-association-des-amis-de-la-maison-marie-henry-le-pouldu-68dba3caf04e2333030168.png\" data-pswp-width=\"693\" data-pswp-height=\"473\" target=\"_blank\" rel=\"nofollow noopener\"><\/p>\n<p>          <img width=\"600\" height=\"400\" class=\"article-image lazy\" data-src=\"https:\/\/www.europesays.com\/fr\/wp-content\/uploads\/2025\/09\/reconstitution-salle-a-manger-c-association-des-amis-de-la-maison-marie-henry-le-pouldu-68dba3caf04e.webp\" alt=\"Reconstitution de la salle \u00e0 manger de La Buvette de la Plage, petite auberge de Marie Henry au Pouldu. On y voit \u00e0 gauche, sur le linteau de la chemin\u00e9e, le panneau peint par Paul Gauguin repr\u00e9sentant une danse bretonne.\" fetchpriority=\"high\" as=\"image\"\/><\/p>\n<p>\n            Reconstitution de la salle \u00e0 manger de La Buvette de la Plage, petite auberge de Marie Henry au Pouldu. On y voit \u00e0 gauche, sur le linteau de la chemin\u00e9e, le panneau peint par Paul Gauguin repr\u00e9sentant une danse bretonne.<br \/>\n                           \u2022<br \/>\n                                      \u00a9 Association des amis de la Maison Marie Henry, Le Pouldu\n                      <\/p>\n<p><\/a><\/p>\n<p>Le panneau peint fut vendu par Marie Henry dans les ann\u00e9es 1919-1920 avec tous les autres panneaux qui constituaient cette pi\u00e8ce. \u00ab\u00a0La plupart des panneaux qui figurent sur cette reconstitution font partie aujourd&rsquo;hui  des collections publiques des grandes institutions, que ce soit aux \u00c9tats-Unis ou en Europe. Et ce petit panneau, lui, \u00e9tait rest\u00e9 en main priv\u00e9e\u00a0\u00bb nous explique Bruno Jaubert, directeur du d\u00e9partement Impressionniste &amp; Moderne d\u2019Artcurial, la maison de ventes aux ench\u00e8res qui va mettre en vente le panneau le 9 d\u00e9cembre prochain \u00e0 Paris.<\/p>\n<p><a data-article-figure=\"\" href=\"https:\/\/france3-regions.franceinfo.fr\/image\/RozXu1JZOfyVEhKzlfgN-1zWdfw\/7600x1990\/regions\/2025\/09\/30\/paul-gauguin-danse-bretonne-c-artcurial-68dba748b1978519704763.jpg\" data-pswp-width=\"7600\" data-pswp-height=\"1990\" target=\"_blank\" rel=\"nofollow noopener\"><\/p>\n<p>          <img width=\"600\" height=\"400\" class=\"article-image lazy\" data-src=\"https:\/\/www.europesays.com\/fr\/wp-content\/uploads\/2025\/09\/paul-gauguin-danse-bretonne-c-artcurial-68dba748b1978519704763.jpg\" alt=\"&quot;Danse bretonne&quot;dans son int\u00e9gralit\u00e9, le panneau de bois peint par Paul Gauguin en 1989 va \u00eatre mis aux ench\u00e8res \u00e0 Paris le 9 d\u00e9cembre prochain.\" fetchpriority=\"high\" as=\"image\"\/><\/p>\n<p>\n            \u00ab\u00a0Danse bretonne\u00a0\u00bbdans son int\u00e9gralit\u00e9, le panneau de bois peint par Paul Gauguin en 1989 va \u00eatre mis aux ench\u00e8res \u00e0 Paris le 9 d\u00e9cembre prochain.<br \/>\n                           \u2022<br \/>\n                                      \u00a9 Artcurial\n                      <\/p>\n<p><\/a><\/p>\n<p>\u00ab\u00a0Ce panneau est assez remarquable\u00a0\u00bb explique Bruno Jaubert. L&rsquo;\u0153uvre a \u00e9t\u00e9 expos\u00e9e \u00e0 Paris en 1919 et en 1920 \u00e0 New York. Le panneau a connu par la suite plusieurs collectionneurs. Il a \u00e9t\u00e9 vendu aux ench\u00e8res dans les ann\u00e9es 1930 \u00e0 Paris. Ensuite, il s&rsquo;est retrouv\u00e9 dans une collection priv\u00e9e assez connue d&rsquo;art moderne jusqu&rsquo;en 1963. A noter qu&rsquo;en ao\u00fbt et septembre 1961, le panneau a \u00e9t\u00e9 expos\u00e9 \u00e0 l&rsquo;h\u00f4tel de ville de Pont-Aven.<\/p>\n<p>En 1981, deux historiens d\u2019art ont remis en question la paternit\u00e9 du panneau \u00e0 Gauguin. Il fut d&rsquo;ailleurs expos\u00e9 \u00e0 New York en 1983 comme \u00e9tant de S\u00e9rusier, une mention reprise dans plusieurs publications. \u00ab\u00a0\u00c0 partir des ann\u00e9es 2020, apr\u00e8s un travail de recherches approfondi sur l&rsquo;historique, l&rsquo;esth\u00e9tique et la provenance, effectu\u00e9 par le comit\u00e9 Paul Gauguin qui s&rsquo;occupe de l&rsquo;attribution des tableaux \u00e0 Gauguin, sa r\u00e9attribution \u00e0 Paul Gauguin a \u00e9t\u00e9 d\u00e9finitivement confirm\u00e9e\u00a0\u00bb nous d\u00e9taille Bruno Jaubert.<\/p>\n<p><a data-article-figure=\"\" href=\"https:\/\/france3-regions.franceinfo.fr\/image\/KrAfxqBPn2WpGkvAhjksuornEHE\/7926x3678\/regions\/2025\/09\/30\/paul-gauguin-danse-bretonne-detail-de-l-oeuvre-4-c-artcurial-68dbaf0c44511229660450.jpg\" data-pswp-width=\"7926\" data-pswp-height=\"3678\" target=\"_blank\" rel=\"nofollow noopener\"><\/p>\n<p>          <img width=\"600\" height=\"400\" class=\"article-image lazy\" data-src=\"https:\/\/www.europesays.com\/fr\/wp-content\/uploads\/2025\/09\/paul-gauguin-danse-bretonne-detail-de-l-oeuvre-4-c-artcurial-68dbaf0c44511229660450.jpg\" alt=\"D\u00e9tail de &quot;Danse bretonne&quot;, le panneau de bois peint par Paul Gauguin en 1989.\" fetchpriority=\"high\" as=\"image\"\/><\/p>\n<p>\n            D\u00e9tail de \u00ab\u00a0Danse bretonne\u00a0\u00bb, le panneau de bois peint par Paul Gauguin en 1989.<br \/>\n                           \u2022<br \/>\n                                      \u00a9 Artcurial\n                      <\/p>\n<p><\/a><\/p>\n<p>C&rsquo;est lors d&rsquo;un de ses s\u00e9jours en Bretagne, \u00e0 la fin des ann\u00e9es 1880, que Paul Gauguin, \u00e2g\u00e9 de la quarantaine, a peint cette \u0153uvre. \u00ab\u00a0Si la premi\u00e8re partie de sa vie, Paul Gauguin a peint un peu dans les pas des artistes impressionnistes, il a cherch\u00e9 en Bretagne, dans les ann\u00e9es 1889, 90, 91, un lieu \u00e9loign\u00e9 de Paris. Et il s&rsquo;est attach\u00e9 dans ses peintures, je dirais, non seulement au lieu, la Bretagne, d&rsquo;abord \u00e0 Pont-Aven puis au Pouldu, mais surtout finalement \u00e0 la population, son caract\u00e8re, son identit\u00e9\u00a0\u00bb explique le sp\u00e9cialiste.<\/p>\n<p><a data-article-figure=\"\" href=\"https:\/\/france3-regions.franceinfo.fr\/image\/0wmz8Zkhwkr3Cpg3346soDk39Nc\/8007x4180\/regions\/2025\/09\/30\/paul-gauguin-danse-bretonne-detail-de-l-oeuvre-1-c-artcurial-68dbcf2f0f31c581625571.jpg\" data-pswp-width=\"8007\" data-pswp-height=\"4180\" target=\"_blank\" rel=\"nofollow noopener\"><\/p>\n<p>          <img width=\"600\" height=\"400\" class=\"article-image lazy\" data-src=\"https:\/\/www.europesays.com\/fr\/wp-content\/uploads\/2025\/09\/paul-gauguin-danse-bretonne-detail-de-l-oeuvre-1-c-artcurial-68dbcf2f0f31c581625571.jpg\" alt=\"D\u00e9tail de &quot;Danse bretonne&quot;, le panneau de bois peint en 1898 par Paul Gauguin.\" fetchpriority=\"high\" as=\"image\"\/><\/p>\n<p>\n            D\u00e9tail de \u00ab\u00a0Danse bretonne\u00a0\u00bb, le panneau de bois peint en 1898 par Paul Gauguin.<br \/>\n                           \u2022<br \/>\n                                      \u00a9 Artcurial\n                      <\/p>\n<p><\/a><\/p>\n<p>Lors de cette p\u00e9riode bretonne, le peintre va participer \u00e0 la cr\u00e9ation d&rsquo;un nouveau style, le synth\u00e9tisme, \u00ab\u00a0le synth\u00e9tisme des formes, avec \u00c9mile Bernard, Philiger, Meyer de Haan, etc.\u00a0\u00bb ajoute Bruno Jaubert. \u00ab\u00a0Donc c&rsquo;est vraiment un moment important dans l&rsquo;\u00e9volution stylistique de Gauguin ce passage en Bretagne \u00e0 la fin des ann\u00e9es 1880, parce que r\u00e9ellement, l\u00e0, il va trouver sa v\u00e9ritable identit\u00e9 d&rsquo;artiste\u00a0\u00bb. Ce style particulier, l&rsquo;artiste le d\u00e9veloppera par la suite quand il ira \u00e0 Tahiti puis aux Marquises, dans toute son \u0153uvre du Pacifique.<\/p>\n<p>Selon Bruno Jaubert, le panneau est estim\u00e9 entre 500.000 et 700.000 \u20ac, \u00ab\u00a0un prix cons\u00e9quent, bien s\u00fbr, pr\u00e9cise le sp\u00e9cialiste, mais les \u0153uvres bretonnes et synth\u00e9tistes de cette p\u00e9riode-l\u00e0 sont extr\u00eamement rares aujourd&rsquo;hui. Pour une toile de cette p\u00e9riode-l\u00e0, les prix sont aux alentours de plusieurs millions.\u00a0\u00bb<\/p>\n<p>La vente de ce panneau peint devrait repr\u00e9senter une \u00ab\u00a0opportunit\u00e9 pour les collectionneurs d\u2019acqu\u00e9rir un t\u00e9moignage unique de la p\u00e9riode bretonne de Gauguin\u00a0\u00bb. Les acheteurs potentiels devraient \u00eatre internationaux mais des institutions fran\u00e7aises pourraient \u00eatre int\u00e9ress\u00e9es. Interrog\u00e9 sur la question, Bruno Jaubert nous r\u00e9pond que \u00ab\u00a0s&rsquo;il est trop t\u00f4t pour l&rsquo;affirmer car l&rsquo;annonce officielle de la mise en vente ne date que de ce 29 septembre\u00a0\u00bb, il reconna\u00eet dans un sourire non cach\u00e9 que \u00ab\u00a0quelques institutions nous ont contact\u00e9s\u00a0\u00bb.<\/p>\n<p>Interrog\u00e9 \u00e9galement sur la question, le mus\u00e9e de Pont-Aven a pr\u00e9f\u00e9r\u00e9 \u00ab\u00a0ne pas r\u00e9pondre \u00e0 cette question\u00a0\u00bb, car en la mati\u00e8re cela ne se fait pas de signifier son int\u00e9r\u00eat, \u00ab\u00a0car si le mus\u00e9e indiquait qu&rsquo;il est int\u00e9ress\u00e9, cela pourrait fausser les ench\u00e8res\u00a0\u00bb.<\/p>\n<p>L&rsquo;\u0153uvre \u00ab\u00a0Danse bretonne\u00a0\u00bb appartient actuellement \u00e0 un collectionneur priv\u00e9 fran\u00e7ais qui s&rsquo;en s\u00e9pare. Elle sera d\u00e9voil\u00e9e en avant-premi\u00e8re chez Artcurial \u00e0 l&rsquo;occasion de la semaine Art Basel Paris, \u00e0 partir du 20 octobre, avant sa vente le 9 d\u00e9cembre.<\/p>\n","protected":false},"excerpt":{"rendered":"Jamais expos\u00e9 depuis plus de 10 ans, le panneau \u00ab\u00a0Danse bretonne\u00a0\u00bb de Paul Gauguin, \u0153uvre embl\u00e9matique de la&hellip;\n","protected":false},"author":2,"featured_media":428742,"comment_status":"","ping_status":"","sticky":false,"template":"","format":"standard","meta":{"footnotes":""},"categories":[1358],"tags":[1348,1384,1385,1386,58,59,1011,27],"class_list":{"0":"post-428741","1":"post","2":"type-post","3":"status-publish","4":"format-standard","5":"has-post-thumbnail","7":"category-arts-et-design","8":"tag-arts","9":"tag-arts-and-design","10":"tag-arts-et-design","11":"tag-design","12":"tag-divertissement","13":"tag-entertainment","14":"tag-fr","15":"tag-france"},"share_on_mastodon":{"url":"https:\/\/pubeurope.com\/@fr\/115293601439463558","error":""},"_links":{"self":[{"href":"https:\/\/www.europesays.com\/fr\/wp-json\/wp\/v2\/posts\/428741","targetHints":{"allow":["GET"]}}],"collection":[{"href":"https:\/\/www.europesays.com\/fr\/wp-json\/wp\/v2\/posts"}],"about":[{"href":"https:\/\/www.europesays.com\/fr\/wp-json\/wp\/v2\/types\/post"}],"author":[{"embeddable":true,"href":"https:\/\/www.europesays.com\/fr\/wp-json\/wp\/v2\/users\/2"}],"replies":[{"embeddable":true,"href":"https:\/\/www.europesays.com\/fr\/wp-json\/wp\/v2\/comments?post=428741"}],"version-history":[{"count":0,"href":"https:\/\/www.europesays.com\/fr\/wp-json\/wp\/v2\/posts\/428741\/revisions"}],"wp:featuredmedia":[{"embeddable":true,"href":"https:\/\/www.europesays.com\/fr\/wp-json\/wp\/v2\/media\/428742"}],"wp:attachment":[{"href":"https:\/\/www.europesays.com\/fr\/wp-json\/wp\/v2\/media?parent=428741"}],"wp:term":[{"taxonomy":"category","embeddable":true,"href":"https:\/\/www.europesays.com\/fr\/wp-json\/wp\/v2\/categories?post=428741"},{"taxonomy":"post_tag","embeddable":true,"href":"https:\/\/www.europesays.com\/fr\/wp-json\/wp\/v2\/tags?post=428741"}],"curies":[{"name":"wp","href":"https:\/\/api.w.org\/{rel}","templated":true}]}}