{"id":428745,"date":"2025-09-30T13:59:20","date_gmt":"2025-09-30T13:59:20","guid":{"rendered":"https:\/\/www.europesays.com\/fr\/428745\/"},"modified":"2025-09-30T13:59:20","modified_gmt":"2025-09-30T13:59:20","slug":"je-ne-vais-pas-dire-ca-sur-un-plateau-de-television-cest-grotesque-segolene-royal-esquive-en-direct-sur-franceinfo-une-question-de-sonia-chironi","status":"publish","type":"post","link":"https:\/\/www.europesays.com\/fr\/428745\/","title":{"rendered":"\u00ab\u00a0Je ne vais pas dire \u00e7a sur un plateau de t\u00e9l\u00e9vision, c&rsquo;est grotesque\u00a0\u00bb : S\u00e9gol\u00e8ne Royal esquive en direct sur Franceinfo une question de Sonia Chironi"},"content":{"rendered":"<p>            <img loading=\"lazy\" decoding=\"async\" src=\"https:\/\/www.europesays.com\/fr\/wp-content\/uploads\/2025\/04\/82-65703a09b7c5d-35x35-1.jpg\" class=\"author-article-picture\" width=\"35\" height=\"35\"\/><\/p>\n<p>                Par<br \/>\n                                    <a class=\"author-article-bio-link\" href=\"https:\/\/www.ozap.com\/auteur\/bruna-fernandez_a82\" rel=\"nofollow noopener\" target=\"_blank\">Bruna Fernandez<\/a><br \/>\n                                                    | Journaliste<\/p>\n<p>\n                N\u00e9e \u00e0 l\u2019\u00e9poque des \u201cInconnus\u201d, Bruna grandit entre le Br\u00e9sil et la France. Enfant, elle enrichit son imaginaire devant le grand et le petit \u00e9cran. Devenue journaliste, elle passe derri\u00e8re la cam\u00e9ra et travaille pour plusieurs \u00e9missions. Un petit monde qu\u2019elle se pla\u00eet \u00e0 d\u00e9cortiquer pour puremedias.\n            <\/p>\n<p>\n    Sur le plateau de \u00ab\u00a0Tout est politique\u00a0\u00bb ce lundi soir, S\u00e9gol\u00e8ne Royal a vivement critiqu\u00e9 la strat\u00e9gie d\u2019Emmanuel Macron et du futur gouvernement de S\u00e9bastien Lecornu, avant de refuser d\u2019entrer dans le jeu des hypoth\u00e8ses sur son propre avenir \u00e0 Matignon.\n<\/p>\n<p>                            <img loading=\"lazy\" decoding=\"async\" class=\"player-thumbnail\" src=\"https:\/\/www.europesays.com\/fr\/wp-content\/uploads\/2025\/09\/9c4ff4dd401bdddb-580x326-1.jpg\" width=\"580\" height=\"326\"\/><\/p>\n<p>                    S\u00e9gol\u00e8ne Royal refuse de r\u00e9pondre \u00e0 une question de Sonia Chironi sur ses ambitions \u00e0 Matignon \u00a9 FranceInfo<\/p>\n<p>La suite apr\u00e8s la publicit\u00e9<\/p>\n<p>Ce ne sera pas pour cette fois. Invit\u00e9e sur France Info ce lundi soir dans \u00ab\u00a0Tout est politique\u00a0\u00bb, <a href=\"https:\/\/www.ozap.com\/personnalite\/segolene-royal_e465\" rel=\"nofollow noopener\" target=\"_blank\">S\u00e9gol\u00e8ne Royal<\/a> \u00e9tait notamment interrog\u00e9e sur la situation politique actuelle en France, alors que la nomination du nouveau gouvernement par le <a href=\"https:\/\/www.ozap.com\/actu\/cruaute-du-time-delay-quand-quotidien-de-yann-barthes-sur-tmc-annonce-la-nomination-du-premier-ministre-avec-40-minutes-de-retard\/651544\" rel=\"nofollow noopener\" target=\"_blank\">Premier ministre r\u00e9cemment nomm\u00e9 S\u00e9bastien Lecornu <\/a>se fait attendre.<\/p>\n<p>\u00ab\u00a0Faire \u00e7a sur un plateau, c&rsquo;est ridicule\u00a0\u00bb<\/p>\n<p>\u00ab\u00a0Emmanuel Macron a \u00e9t\u00e9 \u00e9lu sur un front r\u00e9publicain. Il a m\u00eame fait appel \u00e0 LFI. Mais est-ce que dans son gouvernement, il y a la repr\u00e9sentation de l\u2019union nationale ? Non. Il s\u2019est repli\u00e9 sur son groupe\u00a0\u00bb, a-t-elle critiqu\u00e9. \u00ab\u00a0Lors des \u00e9lections l\u00e9gislatives, le r\u00e9gime en place a perdu, il n\u2019a que la majorit\u00e9 relative\u00a0\u00bb , a-t-elle \u00e9galement rappel\u00e9, laissant entendre que le nouveau chef du gouvernement pourrait se tourner vers les rangs de la gauche.\u00a0<\/p>\n<p>Apr\u00e8s quelques minutes de discussion sur le sujet, <a href=\"https:\/\/www.ozap.com\/actu\/audiences-access-sonia-chironi-acheve-son-interim-au-20-heures-de-france-2-sur-une-bonne-note-xavier-de-moulins-chute-sous-les-2-millions-sur-m6\/651355\" rel=\"nofollow noopener\" target=\"_blank\">Sonia Chironi<\/a> l\u2019a donc interrog\u00e9e sur son envie de devenir Premi\u00e8re ministre. \u00ab\u00a0Apr\u00e8s la chute de Michel Barnier vous aviez \u00e9crit au pr\u00e9sident de la R\u00e9publique pour dire votre disponibilit\u00e9, pour Matignon, est-ce que si S\u00e9bastien Lecornu subit le m\u00eame sort que ses pr\u00e9d\u00e9cesseurs, vous dites &lsquo;je suis de nouveau disponible ?'\u00a0\u00bb, a demand\u00e9 la journaliste.<\/p>\n<p>Mais cette fois, l\u2019ancienne candidate \u00e0 la pr\u00e9sidentielle a esquiv\u00e9 : \u00ab\u00a0Je ne vais pas faire \u00e7a sur un plateau parce qu\u2019il y a quelque chose de ridicule\u00a0\u00bb, a-t-elle imm\u00e9diatement r\u00e9pondu. \u00ab\u00a0Mais je ne veux pas qu\u2019on puisse penser que personne n\u2019\u00e9tait candidat pour \u00eatre \u00e0 Matignon\u00a0\u00bb, a-t-elle conc\u00e9d\u00e9. \u00ab\u00a0Vous \u00eates disponible ?\u00a0\u00bb, a insist\u00e9 la journaliste. \u00ab\u00a0Je ne vais pas faire de d\u00e9claration comme \u00e7a sur un plateau parce que c\u2019est grotesque. Il va y avoir une dep\u00eache AFP, c\u2019est grotesque\u00a0\u00bb, a persist\u00e9 S\u00e9gol\u00e8ne Royal.<\/p>\n<p>\u00ab\u00a0On va s\u2019arr\u00eater l\u00e0\u00a0\u00bb : Fran\u00e7ois Hollande s\u2019agace d\u2019une question de \u00ab\u00a0Compl\u00e9ment d\u2019enqu\u00eate\u00a0\u00bb et met fin brutalement \u00e0 une interview<\/p>\n<p>\u00ab\u00a0La situation est tellement tendue, tellement difficile, que ce n\u2019est pas opportun de faire une d\u00e9claration comme celle-ci. Mais merci de m\u2019avoir pos\u00e9 la question\u00a0\u00bb, sourit-elle.\u00a0\u00ab\u00a0J\u2019ai vu que c\u2019est vous-m\u00eame qui avait \u00e9crit \u00e0 Emmanuel Macron donc c\u2019est pour \u00e7a que je vous pose la question\u00a0\u00bb, a expliqu\u00e9 Sonia Chironi avant de clore l\u2019\u00e9change. \u00ab\u00a0Absolument, tout \u00e0 fait\u00a0\u00bb, a conc\u00e9d\u00e9 S\u00e9gol\u00e8ne Royal.\u00a0<strong>Purem\u00e9dias<\/strong> vous propose de d\u00e9couvrir la s\u00e9quence ci-dessus.\u00a0<\/p>\n<p>Si S\u00e9gol\u00e8ne Royal n&rsquo;a pas voulu faire part de ses ambitions en direct \u00e0 la t\u00e9l\u00e9vision, elle s&rsquo;\u00e9tait montr\u00e9e plus loquace il y a quelques mois. En d\u00e9cembre dernier, elle avait en effet assur\u00e9 sur X \u00eatre \u00ab\u00a0disponible\u00a0\u00bb pour Matignon et d\u00e9clar\u00e9 avoir \u00ab\u00a0\u00e9crit\u00a0\u00bb personnellement \u00e0 Emmanuel Macron. Dans \u00ab\u00a0Le Figaro\u00a0\u00bb, en juillet, elle est all\u00e9e encore plus loin, se positionnant pour la pr\u00e9sidentielle de 2027 : \u00ab\u00a0Je ne vais pas me d\u00e9rober. Si la primaire pr\u00e9vue par les statuts est bien organis\u00e9e et respectueuse, je serai candidate.\u00a0\u00bb<\/p>\n<p>        <img decoding=\"async\" class=\"thumb-img-100 thumb-img\" src=\"https:\/\/www.europesays.com\/fr\/wp-content\/uploads\/2025\/09\/c4aaf552bb9a2b74-320x180-1.jpg\" alt=\"Audiences septembre 2025 : Mois historique pour CNews, leader avec une avance record sur BFMTV, LCI en forte hausse, Franceinfo toujours faible\" width=\"320\" height=\"180\" loading=\"lazy\" role=\"presentation\"\/><\/p>\n<p>                                            Audiences septembre 2025 : Mois historique pour CNews, leader avec une avance record sur BFMTV, LCI en forte hausse, Franceinfo toujours faible<\/p>\n<p>        <img decoding=\"async\" class=\"thumb-img-100 thumb-img\" src=\"https:\/\/www.europesays.com\/fr\/wp-content\/uploads\/2025\/09\/4706743-slimane-interprete-mon-amour-lors-de-l-320x180-13.jpg\" alt=\"&quot;Un concours de laideur, de vulgarit\u00e9 et de grossi\u00e8ret\u00e9&quot; : S\u00e9gol\u00e8ne Royal exige &quot;une enqu\u00eate s\u00e9rieuse&quot; sur l'Eurovision\" width=\"320\" height=\"180\" loading=\"lazy\" role=\"presentation\"\/><\/p>\n<p>                                            \u00ab\u00a0Un concours de laideur, de vulgarit\u00e9 et de grossi\u00e8ret\u00e9\u00a0\u00bb : S\u00e9gol\u00e8ne Royal exige \u00ab\u00a0une enqu\u00eate s\u00e9rieuse\u00a0\u00bb sur l&rsquo;Eurovision<\/p>\n<p>        <img decoding=\"async\" class=\"thumb-img-100 thumb-img\" src=\"https:\/\/www.europesays.com\/fr\/wp-content\/uploads\/2025\/09\/e4330328df2fd4ef-320x180-1.jpg\" alt=\"Audiences access : Sonia Chironi ach\u00e8ve son int\u00e9rim au &quot;20 Heures&quot; de France 2 sur une bonne note, Xavier de Moulins chute sous les 2 millions sur M6\" width=\"320\" height=\"180\" loading=\"lazy\" role=\"presentation\"\/><\/p>\n<p>                                            Audiences access : Sonia Chironi ach\u00e8ve son int\u00e9rim au \u00ab\u00a020 Heures\u00a0\u00bb de France 2 sur une bonne note, Xavier de Moulins chute sous les 2 millions sur M6<\/p>\n","protected":false},"excerpt":{"rendered":"Par Bruna Fernandez | Journaliste N\u00e9e \u00e0 l\u2019\u00e9poque des \u201cInconnus\u201d, Bruna grandit entre le Br\u00e9sil et la France.&hellip;\n","protected":false},"author":2,"featured_media":428746,"comment_status":"","ping_status":"","sticky":false,"template":"","format":"standard","meta":{"footnotes":""},"categories":[1356],"tags":[58,59,1011,27,252,1364],"class_list":{"0":"post-428745","1":"post","2":"type-post","3":"status-publish","4":"format-standard","5":"has-post-thumbnail","7":"category-television","8":"tag-divertissement","9":"tag-entertainment","10":"tag-fr","11":"tag-france","12":"tag-television","13":"tag-tv"},"share_on_mastodon":{"url":"https:\/\/pubeurope.com\/@fr\/115293610083430916","error":""},"_links":{"self":[{"href":"https:\/\/www.europesays.com\/fr\/wp-json\/wp\/v2\/posts\/428745","targetHints":{"allow":["GET"]}}],"collection":[{"href":"https:\/\/www.europesays.com\/fr\/wp-json\/wp\/v2\/posts"}],"about":[{"href":"https:\/\/www.europesays.com\/fr\/wp-json\/wp\/v2\/types\/post"}],"author":[{"embeddable":true,"href":"https:\/\/www.europesays.com\/fr\/wp-json\/wp\/v2\/users\/2"}],"replies":[{"embeddable":true,"href":"https:\/\/www.europesays.com\/fr\/wp-json\/wp\/v2\/comments?post=428745"}],"version-history":[{"count":0,"href":"https:\/\/www.europesays.com\/fr\/wp-json\/wp\/v2\/posts\/428745\/revisions"}],"wp:featuredmedia":[{"embeddable":true,"href":"https:\/\/www.europesays.com\/fr\/wp-json\/wp\/v2\/media\/428746"}],"wp:attachment":[{"href":"https:\/\/www.europesays.com\/fr\/wp-json\/wp\/v2\/media?parent=428745"}],"wp:term":[{"taxonomy":"category","embeddable":true,"href":"https:\/\/www.europesays.com\/fr\/wp-json\/wp\/v2\/categories?post=428745"},{"taxonomy":"post_tag","embeddable":true,"href":"https:\/\/www.europesays.com\/fr\/wp-json\/wp\/v2\/tags?post=428745"}],"curies":[{"name":"wp","href":"https:\/\/api.w.org\/{rel}","templated":true}]}}