{"id":428747,"date":"2025-09-30T14:00:14","date_gmt":"2025-09-30T14:00:14","guid":{"rendered":"https:\/\/www.europesays.com\/fr\/428747\/"},"modified":"2025-09-30T14:00:14","modified_gmt":"2025-09-30T14:00:14","slug":"souvenirs-quand-florent-pagny-alors-age-de-14-ans-etait-tous-les-jours-dans-le-journal-jai-force-le-destin","status":"publish","type":"post","link":"https:\/\/www.europesays.com\/fr\/428747\/","title":{"rendered":"Souvenirs. Quand Florent Pagny, alors \u00e2g\u00e9 de 14 ans, \u00e9tait tous les jours dans le journal : \u00ab\u00a0J&rsquo;ai forc\u00e9 le destin\u00a0\u00bb"},"content":{"rendered":"<p><a href=\"https:\/\/www.ledauphine.com\/p\/florent-pagny\" target=\"_blank\" rel=\"noopener\">Florent Pagny<\/a> fait le tour des m\u00e9dias pour la sortie de son nouvel album \u00ab\u00a0Grandeur nature\u00a0\u00bb. Contraint d\u2019arr\u00eater sa tourn\u00e9e des 60 ans en 2022 \u00e0 cause d\u2019un cancer agressif aux poumons, l&rsquo;artiste semble revivre pleinement. Avec \u00ab\u00a0Grandeur nature\u00a0\u00bb, il veut regarder droit devant, parle de sa sant\u00e9, de ses envies futures.. mais il profite \u00e9galement de cette tourn\u00e9e m\u00e9diatique pour regarder dans le r\u00e9troviseur et \u00e9voquer\u00a0ses d\u00e9buts.<\/p>\n<p>Lors de notre grande s\u00e9rie sur les <a href=\"https:\/\/www.ledauphine.com\/d\/80-ans-du-dauphine-libere-en-80-jours-et-80-personnalites-9a7d6ab4-95cf-4c2d-93b3-8f8e921814ad\" target=\"_blank\" rel=\"noopener\">80 ans du Dauphin\u00e9 Lib\u00e9r\u00e9<\/a>, le\u00a0<a href=\"https:\/\/www.ledauphine.com\/culture-loisirs\/2025\/07\/29\/florent-pagny-de-retour-a-bonneville-j-ai-su-que-ma-vie-allait-changer\" target=\"_blank\" rel=\"noopener\">chanteur s\u2019\u00e9tait d\u00e9j\u00e0 confi\u00e9<\/a> plus personnellement et il nous avait racont\u00e9 comment sa carri\u00e8re avait commenc\u00e9. Extraits :<\/p>\n<p>Seul dans sa chambre de Bonneville, le jeune Florent, 14 ans, d\u00e9couvre sa voix et sa voie gr\u00e2ce \u00e0 des classiques fran\u00e7ais comme Sardou ou Lenorman, quand d\u2019autres pr\u00e9f\u00e8rent la pop am\u00e9ricaine. \u00ab\u00a0J\u2019\u00e9tais malade et, pr\u00e8s du lit, j\u2019ai coll\u00e9 mon oreille \u00e0 l\u2019\u00e9lectrophone.\u00a0\u00bb La chanson s\u2019appelle \u201cIl\u201d et elle monte haut\u00a0: \u201cOui mais il parle aux oiseeeaux\u2026\u201d \u00ab\u00a0Je me suis mis \u00e0 reprendre et ma voix s\u2019est projet\u00e9e, provoquant un dr\u00f4le d\u2019effet. Je me suis dit\u00a0: \u201cT\u2019as quelque chose que les autres enfants n\u2019ont pas\u201d.\u00a0\u00bb<\/p>\n<p>  \u00ab\u00a0Je tra\u00eenais avec la caravane, \u00e0 14 ans, je devenais une petite figure\u00a0\u00bb<\/p>\n<p>La suite, vous la connaissez s\u00fbrement. Cette ann\u00e9e 1975, entre le 2 et le 9\u00a0juin, sur le parcours du Crit\u00e9rium cycliste, Le Dauphin\u00e9 Lib\u00e9r\u00e9 organise un concours de chant. Probl\u00e8me : il n\u2019a pas les 16 ans requis pour participer et l\u2019animateur Zappy Max lui dit qu\u2019il est \u00ab\u00a0trop petit\u00a0\u00bb.<\/p>\n<p>Mais Florent Pagny ne se d\u00e9monte pas, comme il l&rsquo;expliquait, il y a quelques semaines, \u00e0 notre grand reporter Antoine Chandellier. \u00ab\u00a0\u00c7a fait partie des moments de ma vie o\u00f9 j\u2019ai forc\u00e9 le destin, ne me laissant pas abattre par une r\u00e8gle.\u00a0\u00bb Finalement, Zappy Max, le pr\u00e9sentateur du Quitte ou double, s\u2019en remet \u00e0 l\u2019avis du public, qui est conquis. \u00ab\u00a0Il y avait une curiosit\u00e9 autour du m\u00f4me qui chantait Mariano. Le lendemain, les gens \u00e0 Bonneville achetaient le journal pour savoir si j\u2019\u00e9tais au tour suivant. Et rebelote \u00e0 chaque \u00e9tape.\u00a0\u00bb Annecy sera le d\u00e9part d\u2019une formidable aventure\u00a0: M\u00e2con, Saint-Etienne, Valence, Grenoble, Brian\u00e7on\u2026 \u00ab\u00a0Encore et toujours la fiesta boh\u00e9mienne\u00a0\u00bb, titre notre journal. \u00c0 Avignon, il est \u00e9lu le Dauphin de la chanson. \u00ab C&rsquo;\u00e9tait la premi\u00e8re fois que ma t\u00eate s\u2019affichait dans un m\u00e9dia. Je tra\u00eenais avec la caravane, \u00e0 14 ans, je devenais une petite figure. Moi qui \u00e9tais le turbulent du coin, hyperactif, de retour \u00e0 Bonneville, je savais que quelque chose s\u2019\u00e9tait pass\u00e9 qui allait changer ma vie.\u00a0\u00bb La suite appartient \u00e0 l&rsquo;histoire.<\/p>\n<p class=\"note\">Retrtouvez l&rsquo;article complet sur l&rsquo;enfance et la vie de <a href=\"https:\/\/www.ledauphine.com\/culture-loisirs\/2025\/07\/29\/florent-pagny-de-retour-a-bonneville-j-ai-su-que-ma-vie-allait-changer\" target=\"_blank\" rel=\"noopener\">Florent Pagny ici<\/a><\/p>\n","protected":false},"excerpt":{"rendered":"Florent Pagny fait le tour des m\u00e9dias pour la sortie de son nouvel album \u00ab\u00a0Grandeur nature\u00a0\u00bb. Contraint d\u2019arr\u00eater&hellip;\n","protected":false},"author":2,"featured_media":358348,"comment_status":"","ping_status":"","sticky":false,"template":"","format":"standard","meta":{"footnotes":""},"categories":[1355],"tags":[3853,6184,30885,1687,58,3856,9543,59,107,1011,27,329,2731,4638,1361,873],"class_list":{"0":"post-428747","1":"post","2":"type-post","3":"status-publish","4":"format-standard","5":"has-post-thumbnail","7":"category-musique","8":"tag-annecy","9":"tag-avignon","10":"tag-bonneville","11":"tag-culture-loisirs","12":"tag-divertissement","13":"tag-edition-annecy-rumilly-les-aravis","14":"tag-edition-mont-blanc-arve","15":"tag-entertainment","16":"tag-fil-info","17":"tag-fr","18":"tag-france","19":"tag-france-monde","20":"tag-grenoble","21":"tag-haute-savoie","22":"tag-music","23":"tag-musique"},"share_on_mastodon":{"url":"https:\/\/pubeurope.com\/@fr\/115293613290304077","error":""},"_links":{"self":[{"href":"https:\/\/www.europesays.com\/fr\/wp-json\/wp\/v2\/posts\/428747","targetHints":{"allow":["GET"]}}],"collection":[{"href":"https:\/\/www.europesays.com\/fr\/wp-json\/wp\/v2\/posts"}],"about":[{"href":"https:\/\/www.europesays.com\/fr\/wp-json\/wp\/v2\/types\/post"}],"author":[{"embeddable":true,"href":"https:\/\/www.europesays.com\/fr\/wp-json\/wp\/v2\/users\/2"}],"replies":[{"embeddable":true,"href":"https:\/\/www.europesays.com\/fr\/wp-json\/wp\/v2\/comments?post=428747"}],"version-history":[{"count":0,"href":"https:\/\/www.europesays.com\/fr\/wp-json\/wp\/v2\/posts\/428747\/revisions"}],"wp:featuredmedia":[{"embeddable":true,"href":"https:\/\/www.europesays.com\/fr\/wp-json\/wp\/v2\/media\/358348"}],"wp:attachment":[{"href":"https:\/\/www.europesays.com\/fr\/wp-json\/wp\/v2\/media?parent=428747"}],"wp:term":[{"taxonomy":"category","embeddable":true,"href":"https:\/\/www.europesays.com\/fr\/wp-json\/wp\/v2\/categories?post=428747"},{"taxonomy":"post_tag","embeddable":true,"href":"https:\/\/www.europesays.com\/fr\/wp-json\/wp\/v2\/tags?post=428747"}],"curies":[{"name":"wp","href":"https:\/\/api.w.org\/{rel}","templated":true}]}}