{"id":428766,"date":"2025-09-30T14:10:14","date_gmt":"2025-09-30T14:10:14","guid":{"rendered":"https:\/\/www.europesays.com\/fr\/428766\/"},"modified":"2025-09-30T14:10:14","modified_gmt":"2025-09-30T14:10:14","slug":"loire-a-letrat-ils-ramassent-dans-leur-jardin-une-pomme-de-terre-rouge-de-plus-de-15-kg","status":"publish","type":"post","link":"https:\/\/www.europesays.com\/fr\/428766\/","title":{"rendered":"Loire. \u00c0 l&rsquo;\u00c9trat, ils ramassent dans leur jardin une pomme de terre rouge de plus de 1,5\u00a0kg"},"content":{"rendered":"<p>Tout le monde conna\u00eet Marie-France Lorca pour ses vertus de b\u00e9n\u00e9vole avec les associations du Don du sang et des Acanthes. Mais elle est aussi marcheuse et jardini\u00e8re.<\/p>\n<p>Derni\u00e8rement, avec son mari Emmanuel, lui aussi f\u00e9ru de jardinage, ils ont fait une insolite d\u00e9couverte. Sur les pommes de terre rouges qu\u2019ils avaient plant\u00e9es l\u2019an dernier, ils avaient oubli\u00e9 d\u2019en ramasser une.<\/p>\n<p>Surprise, ils ont d\u00e9couvert un sp\u00e9cimen de 1,55\u00a0kg aux formes originales et ont tenu \u00e0 partager cette belle surprise.<\/p>\n","protected":false},"excerpt":{"rendered":"Tout le monde conna\u00eet Marie-France Lorca pour ses vertus de b\u00e9n\u00e9vole avec les associations du Don du sang&hellip;\n","protected":false},"author":2,"featured_media":428767,"comment_status":"","ping_status":"","sticky":false,"template":"","format":"standard","meta":{"footnotes":""},"categories":[9653],"tags":[1111,11,2430,7539,1777,674,1011,27,1757,10229,12,25,4001,9664],"class_list":{"0":"post-428766","1":"post","2":"type-post","3":"status-publish","4":"format-standard","5":"has-post-thumbnail","7":"category-saint-etienne","8":"tag-actu","9":"tag-actualites","10":"tag-auvergne-rhone-alpes","11":"tag-edition-loire-sud","12":"tag-eu","13":"tag-europe","14":"tag-fr","15":"tag-france","16":"tag-insolite","17":"tag-letrat","18":"tag-news","19":"tag-republique-francaise","20":"tag-saint-etienne","21":"tag-saint-etienne-bassin"},"share_on_mastodon":{"url":"https:\/\/pubeurope.com\/@fr\/115293652498786922","error":""},"_links":{"self":[{"href":"https:\/\/www.europesays.com\/fr\/wp-json\/wp\/v2\/posts\/428766","targetHints":{"allow":["GET"]}}],"collection":[{"href":"https:\/\/www.europesays.com\/fr\/wp-json\/wp\/v2\/posts"}],"about":[{"href":"https:\/\/www.europesays.com\/fr\/wp-json\/wp\/v2\/types\/post"}],"author":[{"embeddable":true,"href":"https:\/\/www.europesays.com\/fr\/wp-json\/wp\/v2\/users\/2"}],"replies":[{"embeddable":true,"href":"https:\/\/www.europesays.com\/fr\/wp-json\/wp\/v2\/comments?post=428766"}],"version-history":[{"count":0,"href":"https:\/\/www.europesays.com\/fr\/wp-json\/wp\/v2\/posts\/428766\/revisions"}],"wp:featuredmedia":[{"embeddable":true,"href":"https:\/\/www.europesays.com\/fr\/wp-json\/wp\/v2\/media\/428767"}],"wp:attachment":[{"href":"https:\/\/www.europesays.com\/fr\/wp-json\/wp\/v2\/media?parent=428766"}],"wp:term":[{"taxonomy":"category","embeddable":true,"href":"https:\/\/www.europesays.com\/fr\/wp-json\/wp\/v2\/categories?post=428766"},{"taxonomy":"post_tag","embeddable":true,"href":"https:\/\/www.europesays.com\/fr\/wp-json\/wp\/v2\/tags?post=428766"}],"curies":[{"name":"wp","href":"https:\/\/api.w.org\/{rel}","templated":true}]}}