{"id":428768,"date":"2025-09-30T14:11:11","date_gmt":"2025-09-30T14:11:11","guid":{"rendered":"https:\/\/www.europesays.com\/fr\/428768\/"},"modified":"2025-09-30T14:11:11","modified_gmt":"2025-09-30T14:11:11","slug":"proces-de-la-sextape-a-saint-etienne-decision-le-1er-decembre","status":"publish","type":"post","link":"https:\/\/www.europesays.com\/fr\/428768\/","title":{"rendered":"Proc\u00e8s de la sextape \u00e0 Saint-Etienne: d\u00e9cision le 1er d\u00e9cembre"},"content":{"rendered":"<p class=\"mb-4 text-lg md:leading-8 break-words\">La d\u00e9fense du maire de Saint-Etienne, Ga\u00ebl Perdriau, accus\u00e9 d&rsquo;avoir fait chanter un rival avec une vid\u00e9o intime, a plaid\u00e9 la relaxe mardi au dernier jour du proc\u00e8s, dont le jugement sera rendu le 1er d\u00e9cembre.<\/p>\n<p class=\"mb-4 text-lg md:leading-8 break-words\">Ga\u00ebl Perdriau \u00ab\u00a0n&rsquo;a jamais eu la vid\u00e9o et aucun \u00e9crit ne montre qu&rsquo;il a donn\u00e9 son aval \u00e0 cette odieuse op\u00e9ration\u00a0\u00bb, a d\u00e9clar\u00e9 Me Jean-F\u00e9lix Luciani, en demandant de d\u00e9clarer son client non coupable \u00ab\u00a0au b\u00e9n\u00e9fice du doute\u00a0\u00bb.<\/p>\n<p class=\"mb-4 text-lg md:leading-8 break-words\">L&rsquo;\u00e9dile de 53 ans, exclu des R\u00e9publicains, \u00ab\u00a0ne m\u00e9ritait pas ce qu&rsquo;il a subi depuis trois ans\u00a0\u00bb, quand Mediapart a r\u00e9v\u00e9l\u00e9 l&rsquo;existence d&rsquo;une sextape circulant \u00e0 la mairie de Saint-Etienne, a ajout\u00e9 l&rsquo;avocat.<\/p>\n<p class=\"mb-4 text-lg md:leading-8 break-words\">Jug\u00e9 depuis le 22 septembre \u00e0 Lyon pour chantage, association de malfaiteurs et d\u00e9tournement de fonds publics, Ga\u00ebl Perdriau a toujours contest\u00e9 les faits qui lui sont reproch\u00e9s.<\/p>\n<p class=\"mb-4 text-lg md:leading-8 break-words\">\u00ab\u00a0Je dis aux victimes et \u00e0 leurs familles que je comprends leur souffrance, mais je n\u2019en suis pas le responsable\u00a0\u00bb, a-il encore dit mardi, en r\u00e9f\u00e9rence principalement \u00e0 son ancien premier adjoint, Gilles Artigues.<\/p>\n<p class=\"mb-4 text-lg md:leading-8 break-words\">Ce centriste catholique oppos\u00e9 au mariage homosexuel a \u00e9t\u00e9 film\u00e9 \u00e0 son insu en janvier 2015 avec un prostitu\u00e9 dans une chambre d&rsquo;h\u00f4tel \u00e0 Paris.<\/p>\n<p class=\"mb-4 text-lg md:leading-8 break-words\">Des membres de l&rsquo;entourage du maire ont admis avoir complot\u00e9 pour le pi\u00e9ger et ont assur\u00e9 avoir agi avec l&rsquo;aval de Ga\u00ebl Perdriau qui, selon eux, voulaient \u00ab\u00a0tenir\u00a0\u00bb son premier adjoint dont il doutait de la loyaut\u00e9.<\/p>\n<p class=\"mb-4 text-lg md:leading-8 break-words\">Ils \u00ab\u00a0ont \u00e9t\u00e9 trait\u00e9s comme des t\u00e9moins \u00e0 charge, alors qu&rsquo;ils sont des pr\u00e9venus qui mentent pour tenter d\u2019att\u00e9nuer leur responsabilit\u00e9, et \u00e7a marche\u00a0!, a d\u00e9plor\u00e9 Me Luciani.<\/p>\n<p class=\"mb-4 text-lg md:leading-8 break-words\">Quant \u00e0 l&rsquo;enregistrement d&rsquo;une conversation, o\u00f9 l&rsquo;on entend Ga\u00ebl Perdriau \u00e9voquer une diffusion de la vid\u00e9o compromettante \u00ab\u00a0en petits cercles\u00a0\u00bb, il \u00ab\u00a0pourrait peut-\u00eatre faire apparaitre l\u2019infraction de menace, mais elle ne peut pas \u00eatre qualifi\u00e9e de chantage ou de tentative\u00a0\u00bb, a plaid\u00e9 l&rsquo;avocat.<\/p>\n<p class=\"mb-4 text-lg md:leading-8 break-words\">Concernant le versement de 40.000 euros de subventions \u00e0 deux associations st\u00e9phanoises, qui ont ensuite r\u00e9mun\u00e9r\u00e9 l&rsquo;auteur du pi\u00e8ge, Me Luciani a relev\u00e9 qu&rsquo;il n&rsquo;y avait eu \u00ab\u00a0aucune irr\u00e9gularit\u00e9\u00a0\u00bb dans la proc\u00e9dure d&rsquo;attribution de ces fonds publics et que la procureure avait requis la relaxe pour les couples qui dirigent ces organisations.<\/p>\n<p class=\"mb-4 text-lg md:leading-8 break-words\">Elle a en revanche requis cinq ans de prison, dont trois ferme et non am\u00e9nageable, ainsi que cinq ans d&rsquo;in\u00e9ligibilit\u00e9 avec ex\u00e9cution imm\u00e9diate \u00e0 l&rsquo;encontre de Ga\u00ebl Perdriau, qualifi\u00e9 de \u00ab\u00a0d\u00e9cideur\u00a0\u00bb dans ce dossier.<\/p>\n<p class=\"mb-4 text-lg md:leading-8 break-words\">DM\/chp\/sp<\/p>\n","protected":false},"excerpt":{"rendered":"La d\u00e9fense du maire de Saint-Etienne, Ga\u00ebl Perdriau, accus\u00e9 d&rsquo;avoir fait chanter un rival avec une vid\u00e9o intime,&hellip;\n","protected":false},"author":2,"featured_media":428769,"comment_status":"","ping_status":"","sticky":false,"template":"","format":"standard","meta":{"footnotes":""},"categories":[9653],"tags":[1111,11,5815,2430,1777,674,1011,27,12242,55740,54124,12,28738,25,4001],"class_list":{"0":"post-428768","1":"post","2":"type-post","3":"status-publish","4":"format-standard","5":"has-post-thumbnail","7":"category-saint-etienne","8":"tag-actu","9":"tag-actualites","10":"tag-association-de-malfaiteurs","11":"tag-auvergne-rhone-alpes","12":"tag-eu","13":"tag-europe","14":"tag-fr","15":"tag-france","16":"tag-gael-perdriau","17":"tag-jean-felix-luciani","18":"tag-mairie-de-saint-etienne","19":"tag-news","20":"tag-palais-de-justice-de-lyon","21":"tag-republique-francaise","22":"tag-saint-etienne"},"share_on_mastodon":{"url":"https:\/\/pubeurope.com\/@fr\/115293656565131857","error":""},"_links":{"self":[{"href":"https:\/\/www.europesays.com\/fr\/wp-json\/wp\/v2\/posts\/428768","targetHints":{"allow":["GET"]}}],"collection":[{"href":"https:\/\/www.europesays.com\/fr\/wp-json\/wp\/v2\/posts"}],"about":[{"href":"https:\/\/www.europesays.com\/fr\/wp-json\/wp\/v2\/types\/post"}],"author":[{"embeddable":true,"href":"https:\/\/www.europesays.com\/fr\/wp-json\/wp\/v2\/users\/2"}],"replies":[{"embeddable":true,"href":"https:\/\/www.europesays.com\/fr\/wp-json\/wp\/v2\/comments?post=428768"}],"version-history":[{"count":0,"href":"https:\/\/www.europesays.com\/fr\/wp-json\/wp\/v2\/posts\/428768\/revisions"}],"wp:featuredmedia":[{"embeddable":true,"href":"https:\/\/www.europesays.com\/fr\/wp-json\/wp\/v2\/media\/428769"}],"wp:attachment":[{"href":"https:\/\/www.europesays.com\/fr\/wp-json\/wp\/v2\/media?parent=428768"}],"wp:term":[{"taxonomy":"category","embeddable":true,"href":"https:\/\/www.europesays.com\/fr\/wp-json\/wp\/v2\/categories?post=428768"},{"taxonomy":"post_tag","embeddable":true,"href":"https:\/\/www.europesays.com\/fr\/wp-json\/wp\/v2\/tags?post=428768"}],"curies":[{"name":"wp","href":"https:\/\/api.w.org\/{rel}","templated":true}]}}