{"id":428782,"date":"2025-09-30T14:18:16","date_gmt":"2025-09-30T14:18:16","guid":{"rendered":"https:\/\/www.europesays.com\/fr\/428782\/"},"modified":"2025-09-30T14:18:16","modified_gmt":"2025-09-30T14:18:16","slug":"restauration-ouverture-imminente-du-nouveau-burger-king-pres-de-rouen","status":"publish","type":"post","link":"https:\/\/www.europesays.com\/fr\/428782\/","title":{"rendered":"Restauration. Ouverture imminente du nouveau Burger King pr\u00e8s de Rouen"},"content":{"rendered":"<p melodystyle=\"texte\">Un nouveau restaurant de restauration rapide ouvrira ses portes demain, mercredi 1er\u00a0octobre 2025, \u00e0 Maromme, pr\u00e8s de Rouen. L&rsquo;\u00e9tablissement <a href=\"https:\/\/www.lecourriercauchois.fr\/actualite-389600-pres-de-rouen-cette-enseigne-de-fast-food-ouvre-un-nouveau-restaurant\" target=\"_blank\" rel=\"nofollow noopener\">Burger King<\/a> est situ\u00e9 2 avenue du Val aux Dames. Ce projet s&rsquo;accompagne de la cr\u00e9ation de 60 emplois en contrat \u00e0 dur\u00e9e ind\u00e9termin\u00e9e (CDI), recrut\u00e9s localement. Ces emplois concernent aussi bien des postes en cuisine qu&rsquo;en salle.<\/p>\n<p>Jusqu&rsquo;\u00e0 23h30 en drive<\/p>\n<p melodystyle=\"texte\">Ce nouveau point de restauration a une capacit\u00e9 de 170 places assises et un service au comptoir comme au drive. Le restaurant sera ouvert tous les jours de 11h \u00e0 22h30 (jusqu&rsquo;\u00e0 23h les vendredis et samedis en salle) et au drive jusqu&rsquo;\u00e0 23h (23h30 les vendredis et samedis).\u00a0<\/p>\n","protected":false},"excerpt":{"rendered":"Un nouveau restaurant de restauration rapide ouvrira ses portes demain, mercredi 1er\u00a0octobre 2025, \u00e0 Maromme, pr\u00e8s de Rouen.&hellip;\n","protected":false},"author":2,"featured_media":428783,"comment_status":"","ping_status":"","sticky":false,"template":"","format":"standard","meta":{"footnotes":""},"categories":[9587],"tags":[1111,11,1777,674,1011,27,12,5161,25,9590],"class_list":{"0":"post-428782","1":"post","2":"type-post","3":"status-publish","4":"format-standard","5":"has-post-thumbnail","7":"category-rouen","8":"tag-actu","9":"tag-actualites","10":"tag-eu","11":"tag-europe","12":"tag-fr","13":"tag-france","14":"tag-news","15":"tag-normandie","16":"tag-republique-francaise","17":"tag-rouen"},"share_on_mastodon":{"url":"https:\/\/pubeurope.com\/@fr\/115293683995572820","error":""},"_links":{"self":[{"href":"https:\/\/www.europesays.com\/fr\/wp-json\/wp\/v2\/posts\/428782","targetHints":{"allow":["GET"]}}],"collection":[{"href":"https:\/\/www.europesays.com\/fr\/wp-json\/wp\/v2\/posts"}],"about":[{"href":"https:\/\/www.europesays.com\/fr\/wp-json\/wp\/v2\/types\/post"}],"author":[{"embeddable":true,"href":"https:\/\/www.europesays.com\/fr\/wp-json\/wp\/v2\/users\/2"}],"replies":[{"embeddable":true,"href":"https:\/\/www.europesays.com\/fr\/wp-json\/wp\/v2\/comments?post=428782"}],"version-history":[{"count":0,"href":"https:\/\/www.europesays.com\/fr\/wp-json\/wp\/v2\/posts\/428782\/revisions"}],"wp:featuredmedia":[{"embeddable":true,"href":"https:\/\/www.europesays.com\/fr\/wp-json\/wp\/v2\/media\/428783"}],"wp:attachment":[{"href":"https:\/\/www.europesays.com\/fr\/wp-json\/wp\/v2\/media?parent=428782"}],"wp:term":[{"taxonomy":"category","embeddable":true,"href":"https:\/\/www.europesays.com\/fr\/wp-json\/wp\/v2\/categories?post=428782"},{"taxonomy":"post_tag","embeddable":true,"href":"https:\/\/www.europesays.com\/fr\/wp-json\/wp\/v2\/tags?post=428782"}],"curies":[{"name":"wp","href":"https:\/\/api.w.org\/{rel}","templated":true}]}}