{"id":428791,"date":"2025-09-30T14:23:12","date_gmt":"2025-09-30T14:23:12","guid":{"rendered":"https:\/\/www.europesays.com\/fr\/428791\/"},"modified":"2025-09-30T14:23:12","modified_gmt":"2025-09-30T14:23:12","slug":"des-tirs-en-rafale-eclatent-dans-la-nuit-a-maurepas-plusieurs-hommes-interpelles","status":"publish","type":"post","link":"https:\/\/www.europesays.com\/fr\/428791\/","title":{"rendered":"des tirs en rafale \u00e9clatent dans la nuit \u00e0 Maurepas, plusieurs hommes interpell\u00e9s"},"content":{"rendered":"<p>            Par<br \/>\n        <strong><br \/>\n            <a href=\"https:\/\/actu.fr\/auteur\/clemence-pays02-actu-fr\" title=\"Consulter tous les articles de Cl\u00e9mence Pays\" target=\"_blank\" rel=\"noopener\">Cl\u00e9mence Pays<\/a><br \/>\n        <\/strong><\/p>\n<p>        Publi\u00e9 le<\/p>\n<p>            30 sept. 2025 \u00e0 15h45        <\/p>\n<p>Le quartier de <a href=\"https:\/\/actu.fr\/tag\/maurepas\" target=\"_blank\" rel=\"noopener\">Maurepas<\/a>, et plus particuli\u00e8rement <strong>l\u2019all\u00e9e de Brno,<\/strong> \u00e0 Rennes, a de nouveau \u00e9t\u00e9 le th\u00e9\u00e2tre de violences. Dans la <strong>nuit du lundi\u00a029 au mardi 30\u00a0septembre<\/strong> 2025, les riverains ont entendu plusieurs tirs d\u2019armes \u00e0 feu.<\/p>\n<p class=\" wall-content\">Selon <a href=\"https:\/\/www.ouest-france.fr\/faits-divers\/trafic\/tirs-en-rafale-dans-le-quartier-de-maurepas-a-rennes-une-dizaine-dimpacts-deux-interpellations-92794f9e-9df3-11f0-9269-ac82a639081c\" target=\"_blank\" rel=\"noopener\">Ouest-France<\/a>, une premi\u00e8re salve aurait eu lieu vers 22h30. <strong>\u00ab\u2009Des tirs en rafale\u2009\u00bb<\/strong> ont ensuite \u00e9clat\u00e9 \u00ab\u2009\u00e0 23h45\u2009\u00bb, heure \u00e0 laquelle des habitants ont contact\u00e9 le 17, a appris <a href=\"https:\/\/actu.fr\/rennes\/\" target=\"_blank\" rel=\"noopener\">actu Rennes<\/a> de source polici\u00e8re.<\/p>\n<p>Trois interpellations et une enqu\u00eate<\/p>\n<p class=\" wall-content\">D\u00e9p\u00each\u00e9s sur place, les effectifs de police ont pu constater de nombreux<strong> impacts de balles.<\/strong> Les forces de l\u2019ordre ont \u00e9galement proc\u00e9d\u00e9 \u00e0 <strong>\u00ab\u2009l\u2019interpellation de trois hommes\u2009\u00bb,<\/strong> qui se trouvent <strong>en garde \u00e0 vue<\/strong> \u00e0 l\u2019heure o\u00f9 nous \u00e9crivons ces lignes.<\/p>\n<p class=\" wall-content\"><strong>Aucun bless\u00e9<\/strong> n\u2019a \u00e9t\u00e9 identifi\u00e9 et une <strong>enqu\u00eate<\/strong> a \u00e9t\u00e9 ouverte et confi\u00e9e \u00e0 la Division de la criminalit\u00e9 organis\u00e9e et sp\u00e9cialis\u00e9e (Dcos).<\/p>\n<p>Un point de deal connu<\/p>\n<p class=\" wall-content\">Maurepas et notamment le secteur de l\u2019all\u00e9e de Brno sont connus pour abriter <strong>un point de deal,<\/strong> faisant r\u00e9guli\u00e8rement l\u2019objet d\u2019affrontements arm\u00e9s.<\/p>\n<p class=\" wall-content\">Le 23\u00a0septembre 2024, <a href=\"https:\/\/actu.fr\/bretagne\/rennes_35238\/rennes-des-coups-de-feu-entendus-dans-le-quartier-de-maurepas-ce-lundi-matin_61637753.html\" target=\"_blank\" rel=\"noopener\">les vitres du 6, all\u00e9e de Brno avaient d\u00e9j\u00e0 \u00e9t\u00e9 bris\u00e9es par des balles<\/a> au petit matin. Le 26\u00a0octobre 2024, de nouveaux <a href=\"https:\/\/actu.fr\/bretagne\/rennes_35238\/fusillade-a-rennes-de-nouveaux-tirs-a-maurepas-une-intervention-de-police-en-cours_61789796.html\" target=\"_blank\" rel=\"noopener\">\u00e9changes de tirs avaient eu lieu dans le secteur, entra\u00eenant un important dispositif policier et le d\u00e9ploiement du Raid<\/a>.<\/p>\n<p class=\" wall-content\">Personnalisez votre actualit\u00e9 en ajoutant vos villes et m\u00e9dias en favori avec <a href=\"https:\/\/moncompte.actu.fr\" title=\"D\u00e9couvez Mon Actu\" rel=\"nofollow noopener\" data-trk=\"{&quot;cta&quot;:{&quot;action&quot;:&quot;https:\\\/\\\/moncompte.actu.fr&quot;,&quot;category&quot;:&quot;mon compte&quot;,&quot;from&quot;:&quot;article footer&quot;,&quot;name&quot;:&quot;Mon actu&quot;,&quot;type&quot;:&quot;cta&quot;}}\" target=\"_blank\">Mon Actu<\/a>.<\/p>\n","protected":false},"excerpt":{"rendered":"Par Cl\u00e9mence Pays Publi\u00e9 le 30 sept. 2025 \u00e0 15h45 Le quartier de Maurepas, et plus particuli\u00e8rement l\u2019all\u00e9e&hellip;\n","protected":false},"author":2,"featured_media":428792,"comment_status":"","ping_status":"","sticky":false,"template":"","format":"standard","meta":{"footnotes":""},"categories":[2821],"tags":[1111,11,829,1777,674,1011,27,22320,813,12,1072,584,25,104],"class_list":{"0":"post-428791","1":"post","2":"type-post","3":"status-publish","4":"format-standard","5":"has-post-thumbnail","7":"category-rennes","8":"tag-actu","9":"tag-actualites","10":"tag-bretagne","11":"tag-eu","12":"tag-europe","13":"tag-fr","14":"tag-france","15":"tag-maurepas","16":"tag-narcotrafiquants","17":"tag-news","18":"tag-police","19":"tag-rennes","20":"tag-republique-francaise","21":"tag-societe"},"share_on_mastodon":{"url":"https:\/\/pubeurope.com\/@fr\/115293703802434167","error":""},"_links":{"self":[{"href":"https:\/\/www.europesays.com\/fr\/wp-json\/wp\/v2\/posts\/428791","targetHints":{"allow":["GET"]}}],"collection":[{"href":"https:\/\/www.europesays.com\/fr\/wp-json\/wp\/v2\/posts"}],"about":[{"href":"https:\/\/www.europesays.com\/fr\/wp-json\/wp\/v2\/types\/post"}],"author":[{"embeddable":true,"href":"https:\/\/www.europesays.com\/fr\/wp-json\/wp\/v2\/users\/2"}],"replies":[{"embeddable":true,"href":"https:\/\/www.europesays.com\/fr\/wp-json\/wp\/v2\/comments?post=428791"}],"version-history":[{"count":0,"href":"https:\/\/www.europesays.com\/fr\/wp-json\/wp\/v2\/posts\/428791\/revisions"}],"wp:featuredmedia":[{"embeddable":true,"href":"https:\/\/www.europesays.com\/fr\/wp-json\/wp\/v2\/media\/428792"}],"wp:attachment":[{"href":"https:\/\/www.europesays.com\/fr\/wp-json\/wp\/v2\/media?parent=428791"}],"wp:term":[{"taxonomy":"category","embeddable":true,"href":"https:\/\/www.europesays.com\/fr\/wp-json\/wp\/v2\/categories?post=428791"},{"taxonomy":"post_tag","embeddable":true,"href":"https:\/\/www.europesays.com\/fr\/wp-json\/wp\/v2\/tags?post=428791"}],"curies":[{"name":"wp","href":"https:\/\/api.w.org\/{rel}","templated":true}]}}