{"id":428797,"date":"2025-09-30T14:27:11","date_gmt":"2025-09-30T14:27:11","guid":{"rendered":"https:\/\/www.europesays.com\/fr\/428797\/"},"modified":"2025-09-30T14:27:11","modified_gmt":"2025-09-30T14:27:11","slug":"on-connait-le-parcours-du-cortege","status":"publish","type":"post","link":"https:\/\/www.europesays.com\/fr\/428797\/","title":{"rendered":"on conna\u00eet le parcours du cort\u00e8ge"},"content":{"rendered":"<p>            Par<br \/>\n        <strong><br \/>\n            <a href=\"https:\/\/actu.fr\/auteur\/ugo-maillard\" title=\"Consulter tous les articles de Ugo Maillard\" target=\"_blank\" rel=\"noopener\">Ugo Maillard<\/a><br \/>\n        <\/strong><\/p>\n<p>        Publi\u00e9 le<\/p>\n<p>            30 sept. 2025 \u00e0 15h57        <\/p>\n<p>Deuxi\u00e8me acte de mobilisation syndicale. Apr\u00e8s une premi\u00e8re journ\u00e9e de manifestations en France, le jeudi 18\u00a0septembre qui a r\u00e9uni pr\u00e8s de 300.000 manifestants, dont <a href=\"https:\/\/actu.fr\/provence-alpes-cote-d-azur\/nice_06088\/direct-greve-du-18-septembre-a-nice-suivez-les-manifestations-dans-les-alpes-maritimes_63174424.html\" target=\"_blank\" rel=\"noopener\">environ deux milliers \u00e0 Nice<\/a>, l\u2019intersyndicale appelle \u00e0 une nouvelle <strong>journ\u00e9e de gr\u00e8ve ce jeudi 2\u00a0octobre 2025. <\/strong>Dans les <a href=\"https:\/\/actu.fr\/provence-alpes-cote-d-azur\/alpes-maritimes_06\" target=\"_blank\" rel=\"noopener\">Alpes-Maritimes<\/a>, les syndicats annoncent la tenue d\u2019une manifestation.<\/p>\n<p class=\" wall-content\">Voici les d\u00e9tails connus de cette nouvelle journ\u00e9e de mobilisation sociale en France.<\/p>\n<p>Rendez-vous \u00e0 10h devant la gare<\/p>\n<p class=\" wall-content\">Selon les informations d\u2019<a href=\"https:\/\/actu.fr\/nice\/\" target=\"_blank\" rel=\"noopener\">actu Nice<\/a>, les manifestants vont se rejoindre sur le parvis de la gare de Nice Ville \u00e0 partir de 10h, ce jeudi 2\u00a0octobre.<\/p>\n<p class=\" wall-content\">Le cort\u00e8ge empruntera un parcours identique \u00e0 la mobilisation du 18\u00a0septembre.<\/p>\n<p>    <a href=\"https:\/\/www.google.com\/maps\/embed?pb=!1m32!1m12!1m3!1d5768.89550653253!2d7.261114447440722!3d43.70124319085131!2m3!1f0!2f0!3f0!3m2!1i1024!2i768!4f13.1!4m17!3e2!4m5!1s0x12cdd00630b6fb9d:0x70199f2a745ea0d5!2sNice-Ville,%20Av.%20Thiers,%2006008%20Nice!3m2!1d43.704612!2d7.261933!4m3!3m2!1d43.705256299999995!2d7.2650475!4m5!1s0x12cddaa161703019:0x4069c261780c67c!2sPl.%20Massena,%20Nice!3m2!1d43.697205!2d7.2705956!5e0!3m2!1sfr!2sfr!4v1758010255824!5m2!1sfr!2sfr\" title=\"Ouvrie le lien\" target=\"_blank\" rel=\"noopener\">Cliquez ici pour visualiser le contenu<\/a><\/p>\n<p class=\" wall-content\">Les personnes mobilis\u00e9es, men\u00e9s par l\u2019intersyndicale compos\u00e9e de la CFDT, CGT, FO, CFE-CGC, CFTC, UNSA et FSU, prendront la direction de l\u2019avenue Jean-M\u00e9decin en passant devant le centre commercial Iconic.<\/p>\n<p class=\" wall-content\">Le cort\u00e8ge d\u00e9filera sur l\u2019avenue avant de rejoindre<strong> la place Mass\u00e9na<\/strong>, point d\u2019arriv\u00e9e de la manifestation.<\/p>\n<p>Votre r\u00e9gion, votre actu !<\/p>\n<p>Recevez chaque jour les infos qui comptent pour vous.<\/p>\n<p>\t<a href=\"https:\/\/actu.fr\/newsletter\" class=\"ac-btn ac-btn--corner ac-btn--medium ac-btn--blue800\" target=\"_blank\" rel=\"noopener\">S&rsquo;incrire<\/a><br \/>\nPlusieurs milliers de manifestants attendus<\/p>\n<p class=\" wall-content\">Selon les organisations syndicales, encore plusieurs milliers de manifestants sont attendus dans les rues de Nice.<\/p>\n<p class=\" wall-content\">Pour l\u2019heure, il s\u2019agit du seul rassemblement dans les Alpes-Maritimes.<\/p>\n<p class=\" wall-content\">Personnalisez votre actualit\u00e9 en ajoutant vos villes et m\u00e9dias en favori avec <a href=\"https:\/\/moncompte.actu.fr\" title=\"D\u00e9couvez Mon Actu\" rel=\"nofollow noopener\" data-trk=\"{&quot;cta&quot;:{&quot;action&quot;:&quot;https:\\\/\\\/moncompte.actu.fr&quot;,&quot;category&quot;:&quot;mon compte&quot;,&quot;from&quot;:&quot;article footer&quot;,&quot;name&quot;:&quot;Mon actu&quot;,&quot;type&quot;:&quot;cta&quot;}}\" target=\"_blank\">Mon Actu<\/a>.<\/p>\n","protected":false},"excerpt":{"rendered":"Par Ugo Maillard Publi\u00e9 le 30 sept. 2025 \u00e0 15h57 Deuxi\u00e8me acte de mobilisation syndicale. Apr\u00e8s une premi\u00e8re&hellip;\n","protected":false},"author":2,"featured_media":428798,"comment_status":"","ping_status":"","sticky":false,"template":"","format":"standard","meta":{"footnotes":""},"categories":[2819],"tags":[1111,11,1777,674,1011,27,54872,1272,12,2401,882,25,104],"class_list":{"0":"post-428797","1":"post","2":"type-post","3":"status-publish","4":"format-standard","5":"has-post-thumbnail","7":"category-nice","8":"tag-actu","9":"tag-actualites","10":"tag-eu","11":"tag-europe","12":"tag-fr","13":"tag-france","14":"tag-greve-du-2-octobre-2025","15":"tag-manifestations","16":"tag-news","17":"tag-nice","18":"tag-provence-alpes-cote-dazur","19":"tag-republique-francaise","20":"tag-societe"},"share_on_mastodon":{"url":"https:\/\/pubeurope.com\/@fr\/115293719626104339","error":""},"_links":{"self":[{"href":"https:\/\/www.europesays.com\/fr\/wp-json\/wp\/v2\/posts\/428797","targetHints":{"allow":["GET"]}}],"collection":[{"href":"https:\/\/www.europesays.com\/fr\/wp-json\/wp\/v2\/posts"}],"about":[{"href":"https:\/\/www.europesays.com\/fr\/wp-json\/wp\/v2\/types\/post"}],"author":[{"embeddable":true,"href":"https:\/\/www.europesays.com\/fr\/wp-json\/wp\/v2\/users\/2"}],"replies":[{"embeddable":true,"href":"https:\/\/www.europesays.com\/fr\/wp-json\/wp\/v2\/comments?post=428797"}],"version-history":[{"count":0,"href":"https:\/\/www.europesays.com\/fr\/wp-json\/wp\/v2\/posts\/428797\/revisions"}],"wp:featuredmedia":[{"embeddable":true,"href":"https:\/\/www.europesays.com\/fr\/wp-json\/wp\/v2\/media\/428798"}],"wp:attachment":[{"href":"https:\/\/www.europesays.com\/fr\/wp-json\/wp\/v2\/media?parent=428797"}],"wp:term":[{"taxonomy":"category","embeddable":true,"href":"https:\/\/www.europesays.com\/fr\/wp-json\/wp\/v2\/categories?post=428797"},{"taxonomy":"post_tag","embeddable":true,"href":"https:\/\/www.europesays.com\/fr\/wp-json\/wp\/v2\/tags?post=428797"}],"curies":[{"name":"wp","href":"https:\/\/api.w.org\/{rel}","templated":true}]}}