{"id":428803,"date":"2025-09-30T14:30:33","date_gmt":"2025-09-30T14:30:33","guid":{"rendered":"https:\/\/www.europesays.com\/fr\/428803\/"},"modified":"2025-09-30T14:30:33","modified_gmt":"2025-09-30T14:30:33","slug":"un-cycliste-de-72-ans-violemment-agresse-pendant-sa-balade-a-velo-sur-les-bords-de-loire","status":"publish","type":"post","link":"https:\/\/www.europesays.com\/fr\/428803\/","title":{"rendered":"un cycliste de 72 ans violemment agress\u00e9 pendant sa balade \u00e0 v\u00e9lo sur les bords de Loire"},"content":{"rendered":"<p>            Par<br \/>\n        <strong><br \/>\n            <a href=\"https:\/\/actu.fr\/auteur\/thomas-bernard\" title=\"Consulter tous les articles de Thomas Bernard\" target=\"_blank\" rel=\"noopener\">Thomas Bernard<\/a><br \/>\n        <\/strong><\/p>\n<p>        Publi\u00e9 le<\/p>\n<p>            30 sept. 2025 \u00e0 16h10        <\/p>\n<p>En fin de journ\u00e9e, lundi 29 septembre 2025, un cycliste de 72 ans profite du soleil pour faire une balade en bord de Loire \u00e0 Nantes. Alors qu\u2019il s\u2019arr\u00eate pr\u00e8s du fleuve pour faire une pause, <strong>le septuag\u00e9naire est violemment agress\u00e9 par deux individus qui prennent la fuite<\/strong>. Bless\u00e9, le cycliste <strong>a \u00e9t\u00e9 transport\u00e9 au CHU de Nantes dans la soir\u00e9e<\/strong>.<\/p>\n<p class=\" wall-content\">\n<p>Deux suspects en garde \u00e0 vue<\/p>\n<p class=\" wall-content\">\u00ab\u2009Gr\u00e2ce \u00e0 la pr\u00e9sence de renforts et au descriptif, les policiers ont pu interpeller deux individus qui avaient pris la fuite et s\u2019\u00e9taient cach\u00e9s\u2009\u00bb, pr\u00e9cise une source polici\u00e8re.<\/p>\n<p class=\" wall-content\">Les suspects sont <strong>tous les deux \u00e2g\u00e9s de 19\u00a0ans<\/strong>. Ce mardi 30\u00a0septembre, ils sont toujours en garde \u00e0 vue dans les locaux du commissariat de Nantes.<\/p>\n<p class=\" wall-content\">Personnalisez votre actualit\u00e9 en ajoutant vos villes et m\u00e9dias en favori avec <a href=\"https:\/\/moncompte.actu.fr\" title=\"D\u00e9couvez Mon Actu\" rel=\"nofollow noopener\" data-trk=\"{&quot;cta&quot;:{&quot;action&quot;:&quot;https:\\\/\\\/moncompte.actu.fr&quot;,&quot;category&quot;:&quot;mon compte&quot;,&quot;from&quot;:&quot;article footer&quot;,&quot;name&quot;:&quot;Mon actu&quot;,&quot;type&quot;:&quot;cta&quot;}}\" target=\"_blank\">Mon Actu<\/a>.<\/p>\n","protected":false},"excerpt":{"rendered":"Par Thomas Bernard Publi\u00e9 le 30 sept. 2025 \u00e0 16h10 En fin de journ\u00e9e, lundi 29 septembre 2025,&hellip;\n","protected":false},"author":2,"featured_media":409543,"comment_status":"","ping_status":"","sticky":false,"template":"","format":"standard","meta":{"footnotes":""},"categories":[2818],"tags":[1111,11,1777,674,118,1011,27,766,12,2636,1072,25,208],"class_list":{"0":"post-428803","1":"post","2":"type-post","3":"status-publish","4":"format-standard","5":"has-post-thumbnail","7":"category-nantes","8":"tag-actu","9":"tag-actualites","10":"tag-eu","11":"tag-europe","12":"tag-faits-divers","13":"tag-fr","14":"tag-france","15":"tag-nantes","16":"tag-news","17":"tag-pays-de-la-loire","18":"tag-police","19":"tag-republique-francaise","20":"tag-velo"},"share_on_mastodon":{"url":"https:\/\/pubeurope.com\/@fr\/115293731095169668","error":""},"_links":{"self":[{"href":"https:\/\/www.europesays.com\/fr\/wp-json\/wp\/v2\/posts\/428803","targetHints":{"allow":["GET"]}}],"collection":[{"href":"https:\/\/www.europesays.com\/fr\/wp-json\/wp\/v2\/posts"}],"about":[{"href":"https:\/\/www.europesays.com\/fr\/wp-json\/wp\/v2\/types\/post"}],"author":[{"embeddable":true,"href":"https:\/\/www.europesays.com\/fr\/wp-json\/wp\/v2\/users\/2"}],"replies":[{"embeddable":true,"href":"https:\/\/www.europesays.com\/fr\/wp-json\/wp\/v2\/comments?post=428803"}],"version-history":[{"count":0,"href":"https:\/\/www.europesays.com\/fr\/wp-json\/wp\/v2\/posts\/428803\/revisions"}],"wp:featuredmedia":[{"embeddable":true,"href":"https:\/\/www.europesays.com\/fr\/wp-json\/wp\/v2\/media\/409543"}],"wp:attachment":[{"href":"https:\/\/www.europesays.com\/fr\/wp-json\/wp\/v2\/media?parent=428803"}],"wp:term":[{"taxonomy":"category","embeddable":true,"href":"https:\/\/www.europesays.com\/fr\/wp-json\/wp\/v2\/categories?post=428803"},{"taxonomy":"post_tag","embeddable":true,"href":"https:\/\/www.europesays.com\/fr\/wp-json\/wp\/v2\/tags?post=428803"}],"curies":[{"name":"wp","href":"https:\/\/api.w.org\/{rel}","templated":true}]}}