{"id":428806,"date":"2025-09-30T14:33:10","date_gmt":"2025-09-30T14:33:10","guid":{"rendered":"https:\/\/www.europesays.com\/fr\/428806\/"},"modified":"2025-09-30T14:33:10","modified_gmt":"2025-09-30T14:33:10","slug":"la-justice-rejette-une-nouvelle-fois-un-recours-des-opposants","status":"publish","type":"post","link":"https:\/\/www.europesays.com\/fr\/428806\/","title":{"rendered":"la justice rejette une nouvelle fois un recours des opposants"},"content":{"rendered":"<p>            Par<br \/>\n        <strong><br \/>\n            <a href=\"https:\/\/actu.fr\/auteur\/redaction-toulouse\" title=\"Consulter tous les articles de R\u00e9daction de Toulouse\" target=\"_blank\" rel=\"noopener\">R\u00e9daction de Toulouse<\/a><br \/>\n        <\/strong><\/p>\n<p>        Publi\u00e9 le<\/p>\n<p>            30 sept. 2025 \u00e0 16h02        <\/p>\n<p>La justice administrative a rejet\u00e9 mardi, en r\u00e9f\u00e9r\u00e9, un recours des opposants au chantier de <a href=\"https:\/\/actu.fr\/tag\/lgv-bordeaux-toulouse\" target=\"_blank\" rel=\"noopener\">la ligne \u00e0 grande vitesse (LGV) Toulouse-Bordeaux<\/a> qui contestaient l\u2019autorisation environnementale accord\u00e9e pour des travaux li\u00e9s \u00e0 ce projet <strong>dans le nord de Toulouse<\/strong>.<\/p>\n<p>Rejet de la demande de suspension<\/p>\n<p class=\" wall-content\">Les juges du tribunal administratif de <strong>Toulouse<\/strong> ont \u00ab\u2009consid\u00e9r\u00e9 que les moyens soulev\u00e9s par l\u2019association requ\u00e9rante n\u2019\u00e9taient pas de nature \u00e0 cr\u00e9er, en l\u2019\u00e9tat de l\u2019instruction, un doute s\u00e9rieux quant \u00e0 la l\u00e9galit\u00e9 de la d\u00e9cision attaqu\u00e9e\u2009\u00bb et a rejet\u00e9 sa \u00ab\u2009demande de suspension\u2009\u00bb des travaux, a expliqu\u00e9 la juridiction dans un communiqu\u00e9.<\/p>\n<p class=\" wall-content\">Les <strong>Amis de la Terre Midi-Pyr\u00e9n\u00e9es<\/strong> estimaient que l\u2019autorisation environnementale accord\u00e9e \u00e0 l\u2019op\u00e9ration <strong>d\u2019am\u00e9nagement ferroviaire du nord de Toulouse<\/strong> (AFNT), premiers travaux r\u00e9alis\u00e9s dans cette zone dans le cadre du chantier LGV, \u00e9tait \u00ab\u2009insuffisamment motiv\u00e9e\u2009\u00bb et \u00ab\u2009entach\u00e9e d\u2019un vice de proc\u00e9dure\u2009\u00bb.<\/p>\n<p>Proc\u00e9dure d\u2019urgence<\/p>\n<p class=\" wall-content\">Ces arguments ont \u00e9t\u00e9 rejet\u00e9s par le tribunal dont la d\u00e9cision valide \u00ab\u2009\u00e0 titre provisoire\u2009\u00bb la l\u00e9galit\u00e9 de l\u2019arr\u00eat\u00e9 d\u2019autorisation du pr\u00e9fet de la Haute-Garonne du 9\u00a0f\u00e9vrier 2024.<br \/>La juridiction rappelle que ce rejet intervient en r\u00e9f\u00e9r\u00e9, <a href=\"https:\/\/actu.fr\/occitanie\/toulouse_31555\/lgv-bordeaux-toulouse-les-opposants-saisissent-a-nouveau-la-justice-pour-stopper-le-chantier_63200670.html\" target=\"_blank\" rel=\"noopener\">c\u2019est-\u00e0-dire dans le cadre d\u2019une proc\u00e9dure d\u2019urgence<\/a>, et qu\u2019elle reste saisie au fond pour juger \u00ab\u2009dans les prochains mois\u2009\u00bb de la l\u00e9galit\u00e9 de l\u2019autorisation environnementale en question.<\/p>\n<p>Vid\u00e9os : en ce moment sur Actu3h10 entre Toulouse et Paris<\/p>\n<p class=\" wall-content\">La LGV Toulouse-Bordeaux dont certains travaux pr\u00e9alables ont d\u00e9but\u00e9 en mai\u00a02024, doit notamment permettre de relier en 2032 Toulouse \u00e0 Paris en 3\u00a0heures et 10\u00a0minutes, gagnant plus d\u2019une heure sur le temps de voyage actuel.<\/p>\n<p>Votre r\u00e9gion, votre actu !<\/p>\n<p>Recevez chaque jour les infos qui comptent pour vous.<\/p>\n<p>\t<a href=\"https:\/\/actu.fr\/newsletter\" class=\"ac-btn ac-btn--corner ac-btn--medium ac-btn--blue800\" target=\"_blank\" rel=\"noopener\">S&rsquo;incrire<\/a><\/p>\n<p class=\" wall-content\">Concernant son financement, plusieurs collectivit\u00e9s du Sud-Ouest, inqui\u00e8tes d\u2019un \u00e9ventuel abandon du projet sur fond de rigueur budg\u00e9taire, ont appel\u00e9 fin juillet l\u2019\u00c9tat \u00e0 tenir \u00ab\u2009ses engagements\u2009\u00bb.<\/p>\n<p class=\" wall-content\"><strong>Avec AFP<\/strong><\/p>\n<p class=\" wall-content\">Personnalisez votre actualit\u00e9 en ajoutant vos villes et m\u00e9dias en favori avec <a href=\"https:\/\/moncompte.actu.fr\" title=\"D\u00e9couvez Mon Actu\" rel=\"nofollow noopener\" data-trk=\"{&quot;cta&quot;:{&quot;action&quot;:&quot;https:\\\/\\\/moncompte.actu.fr&quot;,&quot;category&quot;:&quot;mon compte&quot;,&quot;from&quot;:&quot;article footer&quot;,&quot;name&quot;:&quot;Mon actu&quot;,&quot;type&quot;:&quot;cta&quot;}}\" target=\"_blank\">Mon Actu<\/a>.<\/p>\n","protected":false},"excerpt":{"rendered":"Par R\u00e9daction de Toulouse Publi\u00e9 le 30 sept. 2025 \u00e0 16h02 La justice administrative a rejet\u00e9 mardi, en&hellip;\n","protected":false},"author":2,"featured_media":428807,"comment_status":"","ping_status":"","sticky":false,"template":"","format":"standard","meta":{"footnotes":""},"categories":[2817],"tags":[1111,11,1997,1777,674,1011,27,6200,12,2219,25,104],"class_list":{"0":"post-428806","1":"post","2":"type-post","3":"status-publish","4":"format-standard","5":"has-post-thumbnail","7":"category-bordeaux","8":"tag-actu","9":"tag-actualites","10":"tag-bordeaux","11":"tag-eu","12":"tag-europe","13":"tag-fr","14":"tag-france","15":"tag-lgv-bordeaux-toulouse","16":"tag-news","17":"tag-nouvelle-aquitaine","18":"tag-republique-francaise","19":"tag-societe"},"share_on_mastodon":{"url":"https:\/\/pubeurope.com\/@fr\/115293743315586752","error":""},"_links":{"self":[{"href":"https:\/\/www.europesays.com\/fr\/wp-json\/wp\/v2\/posts\/428806","targetHints":{"allow":["GET"]}}],"collection":[{"href":"https:\/\/www.europesays.com\/fr\/wp-json\/wp\/v2\/posts"}],"about":[{"href":"https:\/\/www.europesays.com\/fr\/wp-json\/wp\/v2\/types\/post"}],"author":[{"embeddable":true,"href":"https:\/\/www.europesays.com\/fr\/wp-json\/wp\/v2\/users\/2"}],"replies":[{"embeddable":true,"href":"https:\/\/www.europesays.com\/fr\/wp-json\/wp\/v2\/comments?post=428806"}],"version-history":[{"count":0,"href":"https:\/\/www.europesays.com\/fr\/wp-json\/wp\/v2\/posts\/428806\/revisions"}],"wp:featuredmedia":[{"embeddable":true,"href":"https:\/\/www.europesays.com\/fr\/wp-json\/wp\/v2\/media\/428807"}],"wp:attachment":[{"href":"https:\/\/www.europesays.com\/fr\/wp-json\/wp\/v2\/media?parent=428806"}],"wp:term":[{"taxonomy":"category","embeddable":true,"href":"https:\/\/www.europesays.com\/fr\/wp-json\/wp\/v2\/categories?post=428806"},{"taxonomy":"post_tag","embeddable":true,"href":"https:\/\/www.europesays.com\/fr\/wp-json\/wp\/v2\/tags?post=428806"}],"curies":[{"name":"wp","href":"https:\/\/api.w.org\/{rel}","templated":true}]}}