{"id":428816,"date":"2025-09-30T14:38:14","date_gmt":"2025-09-30T14:38:14","guid":{"rendered":"https:\/\/www.europesays.com\/fr\/428816\/"},"modified":"2025-09-30T14:38:14","modified_gmt":"2025-09-30T14:38:14","slug":"le-recrutement-au-coeur-des-preoccupations-deuromedtier-a-marseille","status":"publish","type":"post","link":"https:\/\/www.europesays.com\/fr\/428816\/","title":{"rendered":"le recrutement au c\u0153ur des pr\u00e9occupations d&rsquo;Euromed&rsquo;Tier \u00e0 Marseille"},"content":{"rendered":"<p>\u00ab\u00a0Nous voulons soutenir les entreprises dans leurs recrutements et aider les demandeurs d\u2019emploi \u00e0 trouver des opportunit\u00e9s adapt\u00e9es\u00a0\u00bb, explique\u00a0St\u00e9phane Pellen, pr\u00e9sident de la<a href=\"https:\/\/www.laprovence.com\/article\/economie\/5877825\/marseille-des-solutions-developpees-pour-tenter-de-remedier-aux-difficultes-de-mobilite.html\" target=\"_blank\" rel=\"noopener\"> cit\u00e9 des entrepreneurs d\u2019Eurom\u00e9diterrann\u00e9e<\/a>.<\/p>\n<p>Devant le World Trade Center Marseille Provence, la file d\u2019attente est longue \u00e0 l\u2019ouverture des portes de la journ\u00e9e de l\u2019emploi. <a href=\"https:\/\/www.laprovence.com\/article\/papier\/5164677\/euromedtier-optimise-le-retour-a-lemploi.html\" target=\"_blank\" rel=\"noopener\">Euromed\u2019Tier,<\/a> le salon de l\u2019emploi, est organis\u00e9 par la cit\u00e9 des entrepreneurs d\u2019Euromed. Ce groupe rassemble 250 entreprises du p\u00e9rim\u00e8tre Eurom\u00e9diterran\u00e9e, dont des micro-entreprises et des entreprises plus grosses telles que <a href=\"https:\/\/www.laprovence.com\/article\/economie\/5852243484319\/reseau-electrique-un-plan-a-100-milliards-aux-effets-limites-sur-la-facture-selon-rte\" target=\"_blank\" rel=\"noopener\">RTE <\/a>ou <a href=\"https:\/\/www.laprovence.com\/article\/le-hub\/3658087378659214\/nouvelle-freebox-pro-concue-par-les-entreprises-pour-les-entreprises\" target=\"_blank\" rel=\"noopener\">FreePro<\/a>.<\/p>\n<p>Pour sa 18e \u00e9dition, plus de 50 entreprises, 15 structures d\u2019accompagnement et 2100 participants se sont r\u00e9unis dans le hall principal derri\u00e8re des stands. L\u2019objectif\u00a0: rapprocher les entreprises et les demandeurs d\u2019emploi, notamment autour de m\u00e9tiers en tension.<\/p>\n<p>Offres d\u2019emploi et formations<\/p>\n<p>Tous les secteurs \u00e9taient repr\u00e9sent\u00e9s\u00a0: automobile, transport, espaces verts, BPT, m\u00e9dico-social, h\u00f4tellerie, marine\u2026 Dans les all\u00e9es, les profils sont multiples. Elmahdi Chiheb esp\u00e8re un stage dans l\u2019accueil\u00a0: \u00ab\u00a0J\u2019ai trouv\u00e9 une exp\u00e9rience au stade V\u00e9lodrome en mars dernier, mais ce n\u2019\u00e9tait pas adapt\u00e9. Ici, j\u2019esp\u00e8re&#8230;<\/p>\n","protected":false},"excerpt":{"rendered":"\u00ab\u00a0Nous voulons soutenir les entreprises dans leurs recrutements et aider les demandeurs d\u2019emploi \u00e0 trouver des opportunit\u00e9s adapt\u00e9es\u00a0\u00bb,&hellip;\n","protected":false},"author":2,"featured_media":428817,"comment_status":"","ping_status":"","sticky":false,"template":"","format":"standard","meta":{"footnotes":""},"categories":[2814],"tags":[17,1111,11,4180,6521,55741,41320,154,33,1777,674,1011,27,151,884,12,882,7099,25],"class_list":{"0":"post-428816","1":"post","2":"type-post","3":"status-publish","4":"format-standard","5":"has-post-thumbnail","7":"category-marseille","8":"tag-17","9":"tag-actu","10":"tag-actualites","11":"tag-aider","12":"tag-coeur","13":"tag-demploi","14":"tag-demandeurs","15":"tag-des","16":"tag-economie","17":"tag-eu","18":"tag-europe","19":"tag-fr","20":"tag-france","21":"tag-les","22":"tag-marseille","23":"tag-news","24":"tag-provence-alpes-cote-dazur","25":"tag-recrutement","26":"tag-republique-francaise"},"share_on_mastodon":{"url":"https:\/\/pubeurope.com\/@fr\/115293762633811790","error":""},"_links":{"self":[{"href":"https:\/\/www.europesays.com\/fr\/wp-json\/wp\/v2\/posts\/428816","targetHints":{"allow":["GET"]}}],"collection":[{"href":"https:\/\/www.europesays.com\/fr\/wp-json\/wp\/v2\/posts"}],"about":[{"href":"https:\/\/www.europesays.com\/fr\/wp-json\/wp\/v2\/types\/post"}],"author":[{"embeddable":true,"href":"https:\/\/www.europesays.com\/fr\/wp-json\/wp\/v2\/users\/2"}],"replies":[{"embeddable":true,"href":"https:\/\/www.europesays.com\/fr\/wp-json\/wp\/v2\/comments?post=428816"}],"version-history":[{"count":0,"href":"https:\/\/www.europesays.com\/fr\/wp-json\/wp\/v2\/posts\/428816\/revisions"}],"wp:featuredmedia":[{"embeddable":true,"href":"https:\/\/www.europesays.com\/fr\/wp-json\/wp\/v2\/media\/428817"}],"wp:attachment":[{"href":"https:\/\/www.europesays.com\/fr\/wp-json\/wp\/v2\/media?parent=428816"}],"wp:term":[{"taxonomy":"category","embeddable":true,"href":"https:\/\/www.europesays.com\/fr\/wp-json\/wp\/v2\/categories?post=428816"},{"taxonomy":"post_tag","embeddable":true,"href":"https:\/\/www.europesays.com\/fr\/wp-json\/wp\/v2\/tags?post=428816"}],"curies":[{"name":"wp","href":"https:\/\/api.w.org\/{rel}","templated":true}]}}