{"id":428818,"date":"2025-09-30T14:39:12","date_gmt":"2025-09-30T14:39:12","guid":{"rendered":"https:\/\/www.europesays.com\/fr\/428818\/"},"modified":"2025-09-30T14:39:12","modified_gmt":"2025-09-30T14:39:12","slug":"cest-essentiel-sinon-je-ne-men-sors-pas","status":"publish","type":"post","link":"https:\/\/www.europesays.com\/fr\/428818\/","title":{"rendered":"C&rsquo;est essentiel sinon je ne m&rsquo;en sors pas"},"content":{"rendered":"<p>\u00c0 la facult\u00e9 Saint-Charles, la file d\u2019attente s\u2019allonge devant les portes du restaurant universitaire Gaston Berger (3e). Ce mardi 30\u00a0septembre \u00e0 midi, la <a href=\"https:\/\/www.laprovence.com\/article\/region\/28824730067407\/precarite-alimentaire-des-etudiants-a-marseille-une-semaine-de-repas-gratuits-dans-les-restos-u\" target=\"_blank\" rel=\"nofollow noopener\">Ville offre un repas chaud<\/a> sur pr\u00e9sentation d\u2019une carte \u00e9tudiante. \u00c0 24\u00a0ans, Laura, en master didactique des langues, est une habitu\u00e9e des lieux. \u00ab\u00a0Quand je n\u2019ai pas cours, je viens quand m\u00eame. Pour moi, le Crous, c\u2019est essentiel, sinon je ne m\u2019en sors pas financi\u00e8rement\u00a0\u00bb, raconte timidement la boursi\u00e8re, en attrapant un plateau.<\/p>\n<p><a href=\"https:\/\/www.laprovence.com\/article\/region\/28824730067407\/precarite-alimentaire-des-etudiants-a-marseille-une-semaine-de-repas-gratuits-dans-les-restos-u\" target=\"_blank\" rel=\"nofollow noopener\">\u00c0 l\u2019occasion de la \u00ab\u00a0Semaine d\u2019accueil\u00a0\u00bb organis\u00e9e par la Ville, Aix-Marseille Universit\u00e9 (AMU) et le Crous, des repas gratuits sont distribu\u00e9s toute la semaine dans les restaurants universitaires de Marseille.<\/a> L\u2019an dernier, 5\u00a0000\u00a0repas avaient \u00e9t\u00e9 offerts. \u00ab\u00a0La rentr\u00e9e co\u00fbte de plus en plus cher. Les deux premiers postes sacrifi\u00e9s par un \u00e9tudiant pr\u00e9caire, c\u2019est la sant\u00e9 et l\u2019alimentation\u00a0\u00bb, s\u2019alarme Aur\u00e9lie Biancarelli, adjointe (PM) au maire en charge de la recherche, de la vie \u00e9tudiante et de l\u2019enseignement sup\u00e9rieur.<\/p>\n<p>1 \u00e9tudiant sur 5 ne mange pas \u00e0 sa faim<\/p>\n<p><a href=\"https:\/\/www.laprovence.com\/article\/societe\/112325349801115\/precarite-etudiante-repas-sautes-tabou-solidarite-la-nouvelle-lutte-des-classes\" target=\"_blank\" rel=\"nofollow noopener\">En France, pr\u00e8s de 20\u00a0% des \u00e9tudiants ne mangent pas \u00e0 leur faim, selon une \u00e9tude de la Fage.<\/a> Sur le campus Saint-Charles, ils sont nombreux \u00e0 avoir du m&#8230;<\/p>\n","protected":false},"excerpt":{"rendered":"\u00c0 la facult\u00e9 Saint-Charles, la file d\u2019attente s\u2019allonge devant les portes du restaurant universitaire Gaston Berger (3e). Ce&hellip;\n","protected":false},"author":2,"featured_media":428819,"comment_status":"","ping_status":"","sticky":false,"template":"","format":"standard","meta":{"footnotes":""},"categories":[2814],"tags":[17,1111,11,13684,1777,674,7234,1011,27,34836,151,884,12,11388,882,16,17385,25],"class_list":{"0":"post-428818","1":"post","2":"type-post","3":"status-publish","4":"format-standard","5":"has-post-thumbnail","7":"category-marseille","8":"tag-17","9":"tag-actu","10":"tag-actualites","11":"tag-crous","12":"tag-eu","13":"tag-europe","14":"tag-font","15":"tag-fr","16":"tag-france","17":"tag-gratuits","18":"tag-les","19":"tag-marseille","20":"tag-news","21":"tag-plein","22":"tag-provence-alpes-cote-dazur","23":"tag-region","24":"tag-repas","25":"tag-republique-francaise"},"share_on_mastodon":{"url":"https:\/\/pubeurope.com\/@fr\/115293766630578771","error":""},"_links":{"self":[{"href":"https:\/\/www.europesays.com\/fr\/wp-json\/wp\/v2\/posts\/428818","targetHints":{"allow":["GET"]}}],"collection":[{"href":"https:\/\/www.europesays.com\/fr\/wp-json\/wp\/v2\/posts"}],"about":[{"href":"https:\/\/www.europesays.com\/fr\/wp-json\/wp\/v2\/types\/post"}],"author":[{"embeddable":true,"href":"https:\/\/www.europesays.com\/fr\/wp-json\/wp\/v2\/users\/2"}],"replies":[{"embeddable":true,"href":"https:\/\/www.europesays.com\/fr\/wp-json\/wp\/v2\/comments?post=428818"}],"version-history":[{"count":0,"href":"https:\/\/www.europesays.com\/fr\/wp-json\/wp\/v2\/posts\/428818\/revisions"}],"wp:featuredmedia":[{"embeddable":true,"href":"https:\/\/www.europesays.com\/fr\/wp-json\/wp\/v2\/media\/428819"}],"wp:attachment":[{"href":"https:\/\/www.europesays.com\/fr\/wp-json\/wp\/v2\/media?parent=428818"}],"wp:term":[{"taxonomy":"category","embeddable":true,"href":"https:\/\/www.europesays.com\/fr\/wp-json\/wp\/v2\/categories?post=428818"},{"taxonomy":"post_tag","embeddable":true,"href":"https:\/\/www.europesays.com\/fr\/wp-json\/wp\/v2\/tags?post=428818"}],"curies":[{"name":"wp","href":"https:\/\/api.w.org\/{rel}","templated":true}]}}