{"id":428820,"date":"2025-09-30T14:40:11","date_gmt":"2025-09-30T14:40:11","guid":{"rendered":"https:\/\/www.europesays.com\/fr\/428820\/"},"modified":"2025-09-30T14:40:11","modified_gmt":"2025-09-30T14:40:11","slug":"starbucks-ouvre-un-nouveau-cafe-pres-de-lyon-avec-un-concept-inedit","status":"publish","type":"post","link":"https:\/\/www.europesays.com\/fr\/428820\/","title":{"rendered":"Starbucks ouvre un nouveau caf\u00e9 pr\u00e8s de Lyon, avec un concept in\u00e9dit"},"content":{"rendered":"<p>L&rsquo;enseigne de caf\u00e9 mondialement connue Starbucks s&rsquo;installe \u00e0 l&rsquo;est de Lyon, en Is\u00e8re, \u00e0 Tignieu-Jameyzieu. Il s&rsquo;agira d&rsquo;un salon drive, le premier en Auvergne-Rh\u00f4ne-Alpes et le sixi\u00e8me en France.<\/p>\n<p>Avis aux amoureux du caf\u00e9, du chocolat chaud ou d&rsquo;autres boissons. <b>Starbucks<\/b> d\u00e9barque sur la commune de <b>Tignieu-Jameyzieu<\/b> (Is\u00e8re), \u00e0 l&rsquo;est de Lyon, avec un magasin pour le moins in\u00e9dit dans la r\u00e9gion.<\/p>\n<p>Le drive Starbucks ouvrira d\u00e9but octobre pr\u00e8s de Lyon<\/p>\n<p>Il s&rsquo;agit d&rsquo;<b>un \u00ab\u00a0salon drive\u00a0\u00bb<\/b>, le premier en Auvergne-Rh\u00f4ne-Alpes et le sixi\u00e8me seulement en France. <b>Il ouvrira ses portes au d\u00e9but du mois d&rsquo;octobre<\/b>, place du Dauphin\u00e9.<\/p>\n<p>Le principe est simple et d\u00e9j\u00e0 r\u00e9pandu pour les plus grandes enseignes de fast-food : chaque client pourra venir prendre sa boisson \u00e0 emporter, mais directement depuis sa voiture, son camion ou encore sa moto.<\/p>\n<p>D&rsquo;apr\u00e8s <a class=\"url\" href=\"https:\/\/c.leprogres.fr\/economie\/2025\/09\/29\/starbucks-ouvre-son-premier-drive-en-isere-il-y-a-encore-des-opportunites\" target=\"_blank\" rel=\"noopener\">Le Progr\u00e8s<\/a>, le b\u00e2timent de 180 m\u00b2 qui accueillera ce premier \u00ab\u00a0drive\u00a0\u00bb de la r\u00e9gion a \u00e9t\u00e9 construit sp\u00e9cialement pour Starbucks. Au total, 13 emplois ont \u00e9t\u00e9 cr\u00e9\u00e9s, tous en CDI.<\/p>\n<p><img loading=\"lazy\" decoding=\"async\" src=\"https:\/\/www.europesays.com\/fr\/wp-content\/uploads\/2025\/09\/1759243211_816_img\" width=\"350\" height=\"200\" border=\"0\" title=\"Des plats du restaurant Prana \u00c3\u00a0 Lyon.\"\/><\/p>\n<p>\u25baCulture<\/p>\n<p style=\"font-size: 22px;\"><b>Quatre restaurants lyonnais parmi les 50 meilleures tables \u00e9coresponsables de France<\/b><\/p>\n<p>TheFork a d\u00e9voil\u00e9 la liste des 50 meilleurs restaurants&#8230;<\/p>\n<p><\/p>\n","protected":false},"excerpt":{"rendered":"L&rsquo;enseigne de caf\u00e9 mondialement connue Starbucks s&rsquo;installe \u00e0 l&rsquo;est de Lyon, en Is\u00e8re, \u00e0 Tignieu-Jameyzieu. Il s&rsquo;agira d&rsquo;un&hellip;\n","protected":false},"author":2,"featured_media":428821,"comment_status":"","ping_status":"","sticky":false,"template":"","format":"standard","meta":{"footnotes":""},"categories":[1889],"tags":[1111,11,2430,709,20504,12451,1777,674,1011,27,15583,2428,12,25,8816,44212],"class_list":{"0":"post-428820","1":"post","2":"type-post","3":"status-publish","4":"format-standard","5":"has-post-thumbnail","7":"category-lyon","8":"tag-actu","9":"tag-actualites","10":"tag-auvergne-rhone-alpes","11":"tag-boisson","12":"tag-caf","13":"tag-drive","14":"tag-eu","15":"tag-europe","16":"tag-fr","17":"tag-france","18":"tag-isre","19":"tag-lyon","20":"tag-news","21":"tag-republique-francaise","22":"tag-starbucks","23":"tag-tignieu-jameyzieu"},"share_on_mastodon":{"url":"https:\/\/pubeurope.com\/@fr\/115293770649228710","error":""},"_links":{"self":[{"href":"https:\/\/www.europesays.com\/fr\/wp-json\/wp\/v2\/posts\/428820","targetHints":{"allow":["GET"]}}],"collection":[{"href":"https:\/\/www.europesays.com\/fr\/wp-json\/wp\/v2\/posts"}],"about":[{"href":"https:\/\/www.europesays.com\/fr\/wp-json\/wp\/v2\/types\/post"}],"author":[{"embeddable":true,"href":"https:\/\/www.europesays.com\/fr\/wp-json\/wp\/v2\/users\/2"}],"replies":[{"embeddable":true,"href":"https:\/\/www.europesays.com\/fr\/wp-json\/wp\/v2\/comments?post=428820"}],"version-history":[{"count":0,"href":"https:\/\/www.europesays.com\/fr\/wp-json\/wp\/v2\/posts\/428820\/revisions"}],"wp:featuredmedia":[{"embeddable":true,"href":"https:\/\/www.europesays.com\/fr\/wp-json\/wp\/v2\/media\/428821"}],"wp:attachment":[{"href":"https:\/\/www.europesays.com\/fr\/wp-json\/wp\/v2\/media?parent=428820"}],"wp:term":[{"taxonomy":"category","embeddable":true,"href":"https:\/\/www.europesays.com\/fr\/wp-json\/wp\/v2\/categories?post=428820"},{"taxonomy":"post_tag","embeddable":true,"href":"https:\/\/www.europesays.com\/fr\/wp-json\/wp\/v2\/tags?post=428820"}],"curies":[{"name":"wp","href":"https:\/\/api.w.org\/{rel}","templated":true}]}}