{"id":428830,"date":"2025-09-30T14:45:18","date_gmt":"2025-09-30T14:45:18","guid":{"rendered":"https:\/\/www.europesays.com\/fr\/428830\/"},"modified":"2025-09-30T14:45:18","modified_gmt":"2025-09-30T14:45:18","slug":"lambassadeur-dafrique-du-sud-retrouve-mort-au-pied-dun-hotel-a-paris","status":"publish","type":"post","link":"https:\/\/www.europesays.com\/fr\/428830\/","title":{"rendered":"L&rsquo;ambassadeur d&rsquo;Afrique du Sud retrouv\u00e9 mort au pied d&rsquo;un h\u00f4tel \u00e0 Paris"},"content":{"rendered":"<p class=\"mb-4 text-lg md:leading-8 break-words\">Recherch\u00e9 depuis lundi apr\u00e8s une disparition signal\u00e9e par son \u00e9pouse, l&rsquo;ambassadeur d&rsquo;Afrique du Sud en France, Nathi Mthethwa a \u00e9t\u00e9 d\u00e9couvert mort au pied d&rsquo;un \u00e9tablissement h\u00f4telier parisien o\u00f9 il avait r\u00e9serv\u00e9 une chambre. La police fran\u00e7aise s&rsquo;est rendue sur place. Selon des sources proches du dossier, cet ex-ministre proche de Jacob Zuma se serait suicid\u00e9.<\/p>\n<p class=\"mb-4 text-lg md:leading-8 break-words\">L&rsquo;ambassadeur d&rsquo;Afrique du Sud en France, Nathi Mthethwa, a \u00e9t\u00e9 retrouv\u00e9 mort au pied d&rsquo;un h\u00f4tel parisien, indique mardi 30 septembre le parquet de Paris. Plusieurs \u00e9l\u00e9ments laissent \u00e0 penser qu&rsquo;il s&rsquo;est suicid\u00e9, selon des sources proches du dossier. Selon l&rsquo;une de ces sources, l&rsquo;ambassadeur de 58 ans \u00e9tait d\u00e9pressif et pourrait avoir mis fin \u00e0 ses jours.<\/p>\n<p class=\"mb-4 text-lg md:leading-8 break-words\">Nkosinathi Emmanuel Nathi Mthethwa, de son patronyme complet, avait \u00ab\u00a0r\u00e9serv\u00e9 une chambre au 22e \u00e9tage, dont la fen\u00eatre s\u00e9curis\u00e9e a \u00e9t\u00e9 forc\u00e9e\u00a0\u00bb, a notifi\u00e9 le parquet de son c\u00f4t\u00e9.<\/p>\n<p class=\"mb-4 text-lg md:leading-8 break-words\">Proche de l&rsquo;ancien pr\u00e9sident sud-africain <a class=\"link \" href=\"https:\/\/www.france24.com\/fr\/tag\/jacob-zuma\/\" rel=\"nofollow noopener\" target=\"_blank\" data-ylk=\"slk:Jacob Zuma;elm:context_link;itc:0;sec:content-canvas\">Jacob Zuma<\/a>, le diplomate a \u00e9t\u00e9 \u00ab\u00a0d\u00e9couvert \u00e0 l&rsquo;aplomb de l&rsquo;h\u00f4tel\u00a0\u00bb et un magistrat de permanence s&rsquo;est rendu sur place, a ajout\u00e9 le parquet.<\/p>\n<p class=\"mb-4 text-lg md:leading-8 break-words\">Sa disparition avait \u00e9t\u00e9 signal\u00e9e lundi par son \u00e9pouse, qui a indiqu\u00e9 \u00ab\u00a0avoir re\u00e7u un message inqui\u00e9tant de sa part dans la soir\u00e9e\u00a0\u00bb, expose encore le parquet. La Brigade de r\u00e9pression de la d\u00e9linquance contre la personne (BRDP) est en charge de l&rsquo;enqu\u00eate.<\/p>\n<p class=\"mb-4 text-lg md:leading-8 break-words\">Le gouvernement sud-africain a fait part dans un communiqu\u00e9 de sa \u00ab\u00a0profonde tristesse\u00a0\u00bb, parlant d&rsquo;une \u00ab\u00a0disparition pr\u00e9matur\u00e9e\u00a0\u00bb qui \u00ab\u00a0n&rsquo;est pas seulement une perte nationale mais est \u00e9galement ressentie au sein de la communaut\u00e9 diplomatique internationale\u00a0\u00bb.<\/p>\n<p>Un combattant anti-apartheid<\/p>\n<p class=\"mb-4 text-lg md:leading-8 break-words\">Nathi Mthethwa avait \u00e9t\u00e9 ministre des Arts et de la Culture de la R\u00e9publique d&rsquo;Afrique du Sud de 2014 \u00e0 2019, puis ministre des Sports, des Arts et de la Culture jusqu&rsquo;en 2023, selon le site de son ambassade.<\/p>\n<p class=\"mb-4 text-lg md:leading-8 break-words\">En juillet 2019, il avait prononc\u00e9 un discours lors d&rsquo;une c\u00e9r\u00e9monie d&rsquo;hommage apr\u00e8s la disparition du chanteur <a class=\"link \" href=\"https:\/\/www.france24.com\/fr\/tag\/johnny-clegg\/\" rel=\"nofollow noopener\" target=\"_blank\" data-ylk=\"slk:Johnny Clegg;elm:context_link;itc:0;sec:content-canvas\">Johnny Clegg<\/a>, dit le \u00ab\u00a0Zoulou blanc\u00a0\u00bb, une des grandes voix de la lutte contre l&rsquo;apartheid : \u00ab\u00a0Par sa musique, il nous a inspir\u00e9 courage alors que nous luttions pour sortir d&rsquo;une longue nuit de d\u00e9sespoir\u00a0\u00bb.<\/p>\n<p class=\"mb-4 text-lg md:leading-8 break-words\">Entre 2007 et 2022, il a \u00e9t\u00e9 un haut responsable du Congr\u00e8s national africain (<a class=\"link \" href=\"https:\/\/www.france24.com\/fr\/tag\/anc\/\" rel=\"nofollow noopener\" target=\"_blank\" data-ylk=\"slk:ANC;elm:context_link;itc:0;sec:content-canvas\">ANC<\/a>), parti au pouvoir depuis les premi\u00e8res \u00e9lections d\u00e9mocratiques en 1994. Il avait \u0153uvr\u00e9 dans la clandestinit\u00e9 au sein de l&rsquo;aile militaire de l&rsquo;ANC, durant l&rsquo;apartheid et avait notamment \u00e9t\u00e9 arr\u00eat\u00e9 pendant l&rsquo;\u00e9tat d&rsquo;urgence en 1989 (fin de l&rsquo;apartheid en 1991).<\/p>\n<p class=\"mb-4 text-lg md:leading-8 break-words\">Avec AFP et Reuters<\/p>\n","protected":false},"excerpt":{"rendered":"Recherch\u00e9 depuis lundi apr\u00e8s une disparition signal\u00e9e par son \u00e9pouse, l&rsquo;ambassadeur d&rsquo;Afrique du Sud en France, Nathi Mthethwa&hellip;\n","protected":false},"author":2,"featured_media":428831,"comment_status":"","ping_status":"","sticky":false,"template":"","format":"standard","meta":{"footnotes":""},"categories":[1888],"tags":[1111,1928,11,1927,1777,674,1011,27,55742,12,1926,626,1925,10857,25],"class_list":{"0":"post-428830","1":"post","2":"type-post","3":"status-publish","4":"format-standard","5":"has-post-thumbnail","7":"category-paris","8":"tag-actu","9":"tag-actu-paris","10":"tag-actualites","11":"tag-actualites-paris","12":"tag-eu","13":"tag-europe","14":"tag-fr","15":"tag-france","16":"tag-mthethwa","17":"tag-news","18":"tag-news-paris","19":"tag-paris","20":"tag-paris-news","21":"tag-parquet-de-paris","22":"tag-republique-francaise"},"share_on_mastodon":{"url":"https:\/\/pubeurope.com\/@fr\/115293790191331472","error":""},"_links":{"self":[{"href":"https:\/\/www.europesays.com\/fr\/wp-json\/wp\/v2\/posts\/428830","targetHints":{"allow":["GET"]}}],"collection":[{"href":"https:\/\/www.europesays.com\/fr\/wp-json\/wp\/v2\/posts"}],"about":[{"href":"https:\/\/www.europesays.com\/fr\/wp-json\/wp\/v2\/types\/post"}],"author":[{"embeddable":true,"href":"https:\/\/www.europesays.com\/fr\/wp-json\/wp\/v2\/users\/2"}],"replies":[{"embeddable":true,"href":"https:\/\/www.europesays.com\/fr\/wp-json\/wp\/v2\/comments?post=428830"}],"version-history":[{"count":0,"href":"https:\/\/www.europesays.com\/fr\/wp-json\/wp\/v2\/posts\/428830\/revisions"}],"wp:featuredmedia":[{"embeddable":true,"href":"https:\/\/www.europesays.com\/fr\/wp-json\/wp\/v2\/media\/428831"}],"wp:attachment":[{"href":"https:\/\/www.europesays.com\/fr\/wp-json\/wp\/v2\/media?parent=428830"}],"wp:term":[{"taxonomy":"category","embeddable":true,"href":"https:\/\/www.europesays.com\/fr\/wp-json\/wp\/v2\/categories?post=428830"},{"taxonomy":"post_tag","embeddable":true,"href":"https:\/\/www.europesays.com\/fr\/wp-json\/wp\/v2\/tags?post=428830"}],"curies":[{"name":"wp","href":"https:\/\/api.w.org\/{rel}","templated":true}]}}