{"id":428856,"date":"2025-09-30T15:01:15","date_gmt":"2025-09-30T15:01:15","guid":{"rendered":"https:\/\/www.europesays.com\/fr\/428856\/"},"modified":"2025-09-30T15:01:15","modified_gmt":"2025-09-30T15:01:15","slug":"carlos-alcaraz-declare-forfait-pour-le-masters-1000-de-shanghai","status":"publish","type":"post","link":"https:\/\/www.europesays.com\/fr\/428856\/","title":{"rendered":"Carlos Alcaraz d\u00e9clare forfait pour le Masters 1000 de Shanghai"},"content":{"rendered":"<p>            <a href=\"https:\/\/www.lefigaro.fr\/sports\/tennis\/tennis-alcaraz-se-qualifie-tranquillement-pour-les-demi-finales-a-tokyo-rune-elimine-20250928\" class=\"fig-ranking-profile-link\" data-fig-domain=\"LEFIGARO\" target=\"_blank\" rel=\"noopener\"><\/p>\n<p>        Tennis\u00a0: Alcaraz se qualifie tranquillement pour les demi-finales \u00e0 Tokyo, Rune \u00e9limin\u00e9<\/p>\n<p>                                                <\/a><\/p>\n<p>        <img   class=\"fig-img fig-ranking-profile-media-small-picture__photo\" alt=\"Tennis\u00a0: Alcaraz se qualifie tranquillement pour les demi-finales \u00e0 Tokyo, Rune \u00e9limin\u00e9\" height=\"2129\" width=\"3000\"\/><\/p>\n<p class=\"fig-ranking-profile-standfirst\">\n    Sans forcer, le num\u00e9ro un mondial Carlos Alcaraz s\u2019est qualifi\u00e9 dimanche pour les demi-finales \u00e0 Tokyo en surclassant l\u2019Am\u00e9ricain Brandon Nakashima (6-2, 6-4), tandis que le Danois Holger Rune a \u00e9t\u00e9 \u00e9limin\u00e9 par Jenson Brooksby.\n<\/p>\n<p>            <a href=\"https:\/\/www.lefigaro.fr\/sports\/tennis\/tennis-lois-boisson-fait-tomber-une-tete-de-serie-et-file-en-8es-du-wta-1000-de-pekin-20250927\" class=\"fig-ranking-profile-link\" data-fig-domain=\"LEFIGARO\" target=\"_blank\" rel=\"noopener\"><\/p>\n<p>        Tennis\u00a0: Lo\u00efs Boisson fait tomber une t\u00eate de s\u00e9rie et file au 3e tour du WTA 1000 de P\u00e9kin<\/p>\n<p>                                                <\/a><\/p>\n<p>        <img   class=\"fig-img fig-ranking-profile-media-small-picture__photo\" alt=\"Tennis\u00a0: Lo\u00efs Boisson fait tomber une t\u00eate de s\u00e9rie et file au 3e tour du WTA 1000 de P\u00e9kin\" height=\"2000\" width=\"3000\"\/><\/p>\n<p class=\"fig-ranking-profile-standfirst\">\n    La Fran\u00e7aise Lo\u00efs\u00a0Boisson, 41e mondiale, a battu au 2e tour la Russe Liudmila Samsonova, 21e mondiale et t\u00eate de s\u00e9rie N.19 du tournoi WTA 1000 de P\u00e9kin, 6-3, 6-4 samedi.\n<\/p>\n<p>            <a href=\"https:\/\/www.lefigaro.fr\/sports\/tennis\/tennis-carlos-alcaraz-remporte-pour-la-premiere-de-sa-carriere-le-tournoi-de-pekin-20250930\" class=\"fig-ranking-profile-link\" data-fig-domain=\"LEFIGARO\" target=\"_blank\" rel=\"noopener\"><\/p>\n<p>        Tennis\u00a0: Carlos Alcaraz poursuit sa folle s\u00e9rie \u00e0 Tokyo<\/p>\n<p>                                                <\/a><\/p>\n<p>        <img   class=\"fig-img fig-ranking-profile-media-small-picture__photo\" alt=\"Tennis\u00a0: Carlos Alcaraz poursuit sa folle s\u00e9rie \u00e0 Tokyo\" height=\"2042\" width=\"3000\"\/><\/p>\n<p class=\"fig-ranking-profile-standfirst\">\n    Le num\u00e9ro 1 mondial Carlos Alcaraz s\u2019est impos\u00e9 face \u00e0 Taylor Fritz (6-4, 6-4) en finale du tournoi de Tokyo (ATP 500).<\/p>\n","protected":false},"excerpt":{"rendered":"Tennis\u00a0: Alcaraz se qualifie tranquillement pour les demi-finales \u00e0 Tokyo, Rune \u00e9limin\u00e9 Sans forcer, le num\u00e9ro un mondial&hellip;\n","protected":false},"author":2,"featured_media":428857,"comment_status":"","ping_status":"","sticky":false,"template":"","format":"standard","meta":{"footnotes":""},"categories":[1415],"tags":[4169,7779,1011,27,32185,60,1467],"class_list":{"0":"post-428856","1":"post","2":"type-post","3":"status-publish","4":"format-standard","5":"has-post-thumbnail","7":"category-tennis","8":"tag-atp","9":"tag-carlos-alcaraz","10":"tag-fr","11":"tag-france","12":"tag-shanghai","13":"tag-sports","14":"tag-tennis"},"share_on_mastodon":{"url":"https:\/\/pubeurope.com\/@fr\/115293853100458056","error":""},"_links":{"self":[{"href":"https:\/\/www.europesays.com\/fr\/wp-json\/wp\/v2\/posts\/428856","targetHints":{"allow":["GET"]}}],"collection":[{"href":"https:\/\/www.europesays.com\/fr\/wp-json\/wp\/v2\/posts"}],"about":[{"href":"https:\/\/www.europesays.com\/fr\/wp-json\/wp\/v2\/types\/post"}],"author":[{"embeddable":true,"href":"https:\/\/www.europesays.com\/fr\/wp-json\/wp\/v2\/users\/2"}],"replies":[{"embeddable":true,"href":"https:\/\/www.europesays.com\/fr\/wp-json\/wp\/v2\/comments?post=428856"}],"version-history":[{"count":0,"href":"https:\/\/www.europesays.com\/fr\/wp-json\/wp\/v2\/posts\/428856\/revisions"}],"wp:featuredmedia":[{"embeddable":true,"href":"https:\/\/www.europesays.com\/fr\/wp-json\/wp\/v2\/media\/428857"}],"wp:attachment":[{"href":"https:\/\/www.europesays.com\/fr\/wp-json\/wp\/v2\/media?parent=428856"}],"wp:term":[{"taxonomy":"category","embeddable":true,"href":"https:\/\/www.europesays.com\/fr\/wp-json\/wp\/v2\/categories?post=428856"},{"taxonomy":"post_tag","embeddable":true,"href":"https:\/\/www.europesays.com\/fr\/wp-json\/wp\/v2\/tags?post=428856"}],"curies":[{"name":"wp","href":"https:\/\/api.w.org\/{rel}","templated":true}]}}