{"id":428859,"date":"2025-09-30T15:03:11","date_gmt":"2025-09-30T15:03:11","guid":{"rendered":"https:\/\/www.europesays.com\/fr\/428859\/"},"modified":"2025-09-30T15:03:11","modified_gmt":"2025-09-30T15:03:11","slug":"motogp-2025-japon-lucky-strike","status":"publish","type":"post","link":"https:\/\/www.europesays.com\/fr\/428859\/","title":{"rendered":"MotoGP 2025 Japon : Lucky ? Strike !"},"content":{"rendered":"<p>L&rsquo;an dernier \u00e0 Misano, Gigi dall&rsquo;Igna d\u00e9cide de proposer le deuxi\u00e8me guidon d&rsquo;sine \u00e0 Marquez plut\u00f4t qu&rsquo;\u00e0 Martin. D&rsquo;abord il y a urgence, Pramac est alors pr\u00eat \u00e0 d&rsquo;\u00e9normes sacrifices financiers pour s&rsquo;offrir Marquez. On peut par exemple imaginer Martin en factory et Marquez chez Pramac mais Ducati venait de perdre le titre au b\u00e9n\u00e9fice de son team satellite, les sponsors font les gros yeux, on ne prend pas de risques. Justement, \u00e0 l&rsquo;\u00e9poque, j&rsquo;ai longuement discut\u00e9 au t\u00e9l\u00e9phone avec un ami, tr\u00e8s proche de Gigi, qui m&rsquo;a dit que Martin avait une image de scoumoune. D\u00e9j\u00e0 en Moto3, avant son titre il s&rsquo;est fait mal souvent, au point de mettre quatre ans pour d\u00e9crocher le titre, alors qu&rsquo;il est surdou\u00e9. En Moto2, il ne d\u00e9croche que deux victoires en deux ans. Bref il est tout sauf un ouragan. Et chez Ducati on a envie d&rsquo;ouragans. En MotoGP Martin d\u00e9marre fort mais l\u00e0 encore, il lui faut quatre ans pour d\u00e9crocher le titre. On sait que cette ann\u00e9e, avec un paquet d&rsquo;accidents en essais de d\u00e9but d&rsquo;ann\u00e9e, puis en entra\u00eenement, puis \u00e0 nouveau au Japon avec une sale fracture de la clavicule apr\u00e8s un premier virage en mode kamikaze, on ne l&rsquo;aura pas vu ! Alors que le boss de Pramac dit ouvertement que les deux seuls pilotes \u00e0 pouvoir battre Marquez sont Martin et Quartararo. Il y a d&rsquo;autres exemples que Martin, son co\u00e9quipier Bezzecchi bien s\u00fbr. Auteur de choses magnifiques avant le Japon, il arrive \u00e0 quelques points de Bagnaia au g\u00e9n\u00e9ral, et c&rsquo;est le drame. Harponn\u00e9 \u00e0 Motegi par Martin en sprint (et bless\u00e9 de fa\u00e7on plus importante que pr\u00e9vu) apr\u00e8s avoir bien rat\u00e9 sa qualif, il est maintenant \u00e0 dache d&rsquo;un Bagnaia qui peut m\u00eame commencer \u00e0 r\u00eaver de la deuxi\u00e8me place au g\u00e9n\u00e9ral, Alex Marquez ne brille plus depuis plusieurs GP. Alors finalement, le retour de la niaque de Bagnaia, qui co\u00efncide avec un coup de chance manifeste au Japon, on sait que le milieu des sports m\u00e9caniques est plus superstitieux qu&rsquo;un druide gaulois, est un signe \u00e9norme. On verra si \u00e7a dure, mais dans la t\u00eate d&rsquo;un pilote d\u00e9vast\u00e9, ce genre de truc est un d\u00e9clencheur, dans un sens comme dans un autre. Et on va peut-\u00eatre enfin voir de vraies bastons avec son co\u00e9quipier !<\/p>\n<p>La suite apr\u00e8s cette publicit\u00e9<\/p>\n","protected":false},"excerpt":{"rendered":"L&rsquo;an dernier \u00e0 Misano, Gigi dall&rsquo;Igna d\u00e9cide de proposer le deuxi\u00e8me guidon d&rsquo;sine \u00e0 Marquez plut\u00f4t qu&rsquo;\u00e0 Martin.&hellip;\n","protected":false},"author":2,"featured_media":428860,"comment_status":"","ping_status":"","sticky":false,"template":"","format":"standard","meta":{"footnotes":""},"categories":[1413],"tags":[17,1462,36846,4266,1011,27,2070,36907,1461,55746,1457,1456,1458,60,37697],"class_list":{"0":"post-428859","1":"post","2":"type-post","3":"status-publish","4":"format-standard","5":"has-post-thumbnail","7":"category-moto","8":"tag-17","9":"tag-bagnaia","10":"tag-dalligna","11":"tag-ducati","12":"tag-fr","13":"tag-france","14":"tag-japon","15":"tag-lucky","16":"tag-marc-marquez","17":"tag-motegi-2013","18":"tag-moto","19":"tag-motocycle","20":"tag-motogp","21":"tag-sports","22":"tag-strike"},"share_on_mastodon":{"url":"https:\/\/pubeurope.com\/@fr\/115293861052838989","error":""},"_links":{"self":[{"href":"https:\/\/www.europesays.com\/fr\/wp-json\/wp\/v2\/posts\/428859","targetHints":{"allow":["GET"]}}],"collection":[{"href":"https:\/\/www.europesays.com\/fr\/wp-json\/wp\/v2\/posts"}],"about":[{"href":"https:\/\/www.europesays.com\/fr\/wp-json\/wp\/v2\/types\/post"}],"author":[{"embeddable":true,"href":"https:\/\/www.europesays.com\/fr\/wp-json\/wp\/v2\/users\/2"}],"replies":[{"embeddable":true,"href":"https:\/\/www.europesays.com\/fr\/wp-json\/wp\/v2\/comments?post=428859"}],"version-history":[{"count":0,"href":"https:\/\/www.europesays.com\/fr\/wp-json\/wp\/v2\/posts\/428859\/revisions"}],"wp:featuredmedia":[{"embeddable":true,"href":"https:\/\/www.europesays.com\/fr\/wp-json\/wp\/v2\/media\/428860"}],"wp:attachment":[{"href":"https:\/\/www.europesays.com\/fr\/wp-json\/wp\/v2\/media?parent=428859"}],"wp:term":[{"taxonomy":"category","embeddable":true,"href":"https:\/\/www.europesays.com\/fr\/wp-json\/wp\/v2\/categories?post=428859"},{"taxonomy":"post_tag","embeddable":true,"href":"https:\/\/www.europesays.com\/fr\/wp-json\/wp\/v2\/tags?post=428859"}],"curies":[{"name":"wp","href":"https:\/\/api.w.org\/{rel}","templated":true}]}}