{"id":428861,"date":"2025-09-30T15:04:16","date_gmt":"2025-09-30T15:04:16","guid":{"rendered":"https:\/\/www.europesays.com\/fr\/428861\/"},"modified":"2025-09-30T15:04:16","modified_gmt":"2025-09-30T15:04:16","slug":"ferrand-prevot-prete-a-un-grand-sacrifice-possible-coup-de-tonnerre-chez-ferrari-pour-leclerc-toutes-les-infos-sports-du-jour","status":"publish","type":"post","link":"https:\/\/www.europesays.com\/fr\/428861\/","title":{"rendered":"Ferrand-Pr\u00e9vot pr\u00eate \u00e0 un grand sacrifice, possible coup de tonnerre chez Ferrari pour Leclerc, &#8230; Toutes les infos sports du jour !"},"content":{"rendered":"<p>En ce mardi 30 septembre, l&rsquo;actualit\u00e9 sportive a \u00e9t\u00e9 encore une fois bien fournie. Aujourd&rsquo;hui, de nombreuses actualit\u00e9s sont tomb\u00e9es et il est temps de les d\u00e9couvrir. Du c\u00f4t\u00e9 du cyclisme, Pauline Ferrand-Pr\u00e9vot a fait une annonce tr\u00e8s forte en vue des Championnats d&rsquo;Europe d\u00e9but octobre. Alors que la comp\u00e9tition d\u00e9bute demain et durera jusqu&rsquo;au 5 octobre en Ard\u00e8che, \u00ab\u00a0PFP\u00a0\u00bb pourrait bien faire un gros sacrifice en vue d&rsquo;aider ses co\u00e9quipi\u00e8res.<\/p>\n<p>Du c\u00f4t\u00e9 de la Formule 1, un d\u00e9part retentissant pourrait survenir du c\u00f4t\u00e9 de Ferrari. Ainsi, Charles Leclerc pourrait bien s&rsquo;en aller de la Scuderia, lui qui est pr\u00e9sent au sein de l&rsquo;\u00e9curie de Maranello depuis ses d\u00e9buts en F1 en 2019. Son entourage serait en discussions avec d&rsquo;autres \u00e9curies et le s\u00e9isme serait grand pour Ferrari.<\/p>\n<p>Ce mardi, il y a \u00e9galement eu de l&rsquo;actualit\u00e9 concernant du football ou du rugby. D\u00e9couvrez les actualit\u00e9s gr\u00e2ce \u00e0 Daily Sports, pr\u00e9sent pour vous informer en temps r\u00e9el sur tous vos sports pr\u00e9f\u00e9r\u00e9s.<\/p>\n<p>Ferrand-Pr\u00e9vot pr\u00eate \u00e0 un sacrifice ?<\/p>\n<p>Pauline Ferrand-Pr\u00e9vot pr\u00eate au sacrifice en vue des Championnats d&rsquo;Europe de cyclisme en Ard\u00e8che ? La Fran\u00e7aise, qui a v\u00e9cu une petite d\u00e9sillusion samedi dernier lors de la course en ligne des Mondiaux de cyclisme \u00e0 Kigali, avec une modeste 16e place, a pris la parole apr\u00e8s cette course difficile. Et alors que la Fran\u00e7aise a rapidement compris qu&rsquo;elle aurait du mal \u00e0 jouer le titre, elle a \u00e9voqu\u00e9 les Championnats d&rsquo;Europe en Ard\u00e8che qui auront lieu du 1er au 5 octobre. Et la Marnaise de 33 ans, laur\u00e9ate du Tour de France en ao\u00fbt dernier, a assur\u00e9 qu&rsquo;elle ferait tout pour aider ses co\u00e9quipi\u00e8res fran\u00e7aises afin d&rsquo;aller chercher une m\u00e9daille.<\/p>\n<p>Leclerc sur le d\u00e9part chez Ferrari ?<\/p>\n<p>Et si Charles Leclerc s&rsquo;en allait de chez Ferrari ? Pr\u00e9sent au sein de l&rsquo;\u00e9curie de Maranello depuis ses d\u00e9buts en F1 et attach\u00e9 comme rarement \u00e0 la Scuderia, Leclerc continue de tout donner en vue d&rsquo;\u00eatre sacr\u00e9 champion du monde sous la tunique rouge, ce qui est son r\u00eave absolu. Mais cette qu\u00eate d&rsquo;un premier sacre en Formule 1 \u00e9tant tr\u00e8s longue et infructueuse, le pilote mon\u00e9gasque pourrait finir par s&rsquo;en aller et il s&rsquo;av\u00e8re que d&rsquo;apr\u00e8s certaines sources, son entourage aurait engag\u00e9 des discussions avec trois \u00e9curies du peloton.<\/p>\n<p><a href=\"https:\/\/www.dailysports.fr\/ligue-1\/om-la-signature-totalement-improbable-qui-devrait-tomber-du-cote-du-club-phoceen-90077\" target=\"_blank\" rel=\"noopener\">OM : la signature totalement improbable qui devrait tomber du c\u00f4t\u00e9 du club phoc\u00e9en !<\/a><br \/><a href=\"https:\/\/www.dailysports.fr\/autres-courses\/cyclisme-julian-alaphilippe-condamne-avant-le-depart-des-mondiaux-pour-une-bonne-raison-90081\" target=\"_blank\" rel=\"noopener\">Cyclisme : Julian Alaphilippe condamn\u00e9 avant le d\u00e9part des Mondiaux pour une bonne raison ?<\/a><br \/><a href=\"https:\/\/www.dailysports.fr\/f1\/ferrari-lhistoire-a-mourir-de-rire-de-carlos-sainz-sur-charles-leclerc-et-sa-grande-peur-apres-le-gp-dazerbaidjan-90083\" target=\"_blank\" rel=\"noopener\">Ferrari : l&rsquo;histoire \u00e0 mourir de rire de Carlos Sainz sur Charles Leclerc et sa grande peur apr\u00e8s le GP d&rsquo;Azerba\u00efdjan<\/a><br \/><a href=\"https:\/\/www.dailysports.fr\/autres-courses\/cyclisme-les-enormes-doutes-de-pogacar-le-slovene-a-eu-peur-sur-la-course-en-ligne-90085\" target=\"_blank\" rel=\"noopener\">Cyclisme : les \u00e9normes doutes de Pogacar, le Slov\u00e8ne a eu peur sur la course en ligne<\/a><br \/><a href=\"https:\/\/www.dailysports.fr\/top-14\/stade-toulousain-romain-ntamack-devoile-un-joueur-cle-des-rouge-et-noir-qui-peut-changer-la-face-de-lequipe-et-quil-connait-tres-bien-90087\" target=\"_blank\" rel=\"noopener\">Stade Toulousain : Romain Ntamack d\u00e9voile un joueur cl\u00e9 des Rouge et Noir, qui peut changer la face de l&rsquo;\u00e9quipe et qu&rsquo;il conna\u00eet tr\u00e8s bien<\/a><br \/><a href=\"https:\/\/www.dailysports.fr\/athletisme\/athletisme-la-grande-promesse-tenue-par-zinedine-zidane-envers-jimmy-gressier-90089\" target=\"_blank\" rel=\"noopener\">Athl\u00e9tisme : la grande promesse tenue par Zinedine Zidane envers Jimmy Gressier<\/a><br \/><a href=\"https:\/\/www.dailysports.fr\/xv-de-france\/xv-de-france-les-confessions-douloureuses-dune-star-des-bleus-en-difficulte-en-selection-90093\" target=\"_blank\" rel=\"noopener\">XV de France : les confessions douloureuses d&rsquo;une star des Bleus, en difficult\u00e9 en s\u00e9lection<\/a><br \/><a href=\"https:\/\/www.dailysports.fr\/wta\/tennis-linquietude-prime-concernant-lois-boisson-90097\" target=\"_blank\" rel=\"noopener\">Tennis : l&rsquo;inqui\u00e9tude prime concernant Lo\u00efs Boisson<\/a><br \/><a href=\"https:\/\/www.dailysports.fr\/autres-courses\/cyclisme-le-trajet-completement-fou-devenepoel-pour-rallier-lardeche-et-etre-present-au-contre-la-montre-demain-90101\" target=\"_blank\" rel=\"noopener\">Cyclisme : le trajet compl\u00e8tement fou d&rsquo;Evenepoel pour rallier l&rsquo;Ard\u00e8che et \u00eatre pr\u00e9sent au contre-la-montre demain<\/a><\/p>\n<p>   Partagez cette info avec vos amis et vos proches en cliquant ici<br \/> Pour r\u00e9sumer<\/p>\n<p>En ce mardi 30 septembre, l&rsquo;actualit\u00e9 sportive a \u00e9t\u00e9 encore une fois bien fournie. Aujourd&rsquo;hui, de nombreuses actualit\u00e9s sont tomb\u00e9es et il est temps de les d\u00e9couvrir.<\/p>\n<p>R\u00e9dacteur<\/p>\n<p><img decoding=\"async\" width=\"76\" height=\"76\" loading=\"lazy\" src=\"https:\/\/www.europesays.com\/fr\/wp-content\/uploads\/2025\/06\/logo-victor-willems.jpg\" alt=\"Victor Willems\"\/><\/p>\n","protected":false},"excerpt":{"rendered":"En ce mardi 30 septembre, l&rsquo;actualit\u00e9 sportive a \u00e9t\u00e9 encore une fois bien fournie. Aujourd&rsquo;hui, de nombreuses actualit\u00e9s&hellip;\n","protected":false},"author":2,"featured_media":428862,"comment_status":"","ping_status":"","sticky":false,"template":"","format":"standard","meta":{"footnotes":""},"categories":[1412],"tags":[1451,1452,1453,1454,1455,1011,27,60],"class_list":{"0":"post-428861","1":"post","2":"type-post","3":"status-publish","4":"format-standard","5":"has-post-thumbnail","7":"category-f1","8":"tag-f1","9":"tag-formula-1","10":"tag-formula1","11":"tag-formule-1","12":"tag-formule1","13":"tag-fr","14":"tag-france","15":"tag-sports"},"share_on_mastodon":{"url":"https:\/\/pubeurope.com\/@fr\/115293864920747124","error":""},"_links":{"self":[{"href":"https:\/\/www.europesays.com\/fr\/wp-json\/wp\/v2\/posts\/428861","targetHints":{"allow":["GET"]}}],"collection":[{"href":"https:\/\/www.europesays.com\/fr\/wp-json\/wp\/v2\/posts"}],"about":[{"href":"https:\/\/www.europesays.com\/fr\/wp-json\/wp\/v2\/types\/post"}],"author":[{"embeddable":true,"href":"https:\/\/www.europesays.com\/fr\/wp-json\/wp\/v2\/users\/2"}],"replies":[{"embeddable":true,"href":"https:\/\/www.europesays.com\/fr\/wp-json\/wp\/v2\/comments?post=428861"}],"version-history":[{"count":0,"href":"https:\/\/www.europesays.com\/fr\/wp-json\/wp\/v2\/posts\/428861\/revisions"}],"wp:featuredmedia":[{"embeddable":true,"href":"https:\/\/www.europesays.com\/fr\/wp-json\/wp\/v2\/media\/428862"}],"wp:attachment":[{"href":"https:\/\/www.europesays.com\/fr\/wp-json\/wp\/v2\/media?parent=428861"}],"wp:term":[{"taxonomy":"category","embeddable":true,"href":"https:\/\/www.europesays.com\/fr\/wp-json\/wp\/v2\/categories?post=428861"},{"taxonomy":"post_tag","embeddable":true,"href":"https:\/\/www.europesays.com\/fr\/wp-json\/wp\/v2\/tags?post=428861"}],"curies":[{"name":"wp","href":"https:\/\/api.w.org\/{rel}","templated":true}]}}