{"id":428865,"date":"2025-09-30T15:06:13","date_gmt":"2025-09-30T15:06:13","guid":{"rendered":"https:\/\/www.europesays.com\/fr\/428865\/"},"modified":"2025-09-30T15:06:13","modified_gmt":"2025-09-30T15:06:13","slug":"girondins-jean-grillot-faissal-mannai-et-abou-ba-seront-suspendus-pour-accumulation-de-cartons-jaunes","status":"publish","type":"post","link":"https:\/\/www.europesays.com\/fr\/428865\/","title":{"rendered":"Girondins : Jean Grillot, Fa\u00efssal Manna\u00ef, et Abou Ba seront suspendus pour accumulation de cartons jaunes"},"content":{"rendered":"<p><img decoding=\"async\" src=\"https:\/\/www.europesays.com\/fr\/wp-content\/uploads\/2025\/08\/671_9f81a11f5819dd6e38a8bd0f05821588.jpg\" alt=\"Girondins : Jean Grillot, Fa\u00efssal Manna\u00ef, et Abou Ba seront suspendus pour accumulation de cartons jaunes\" class=\"img-responsive mt-3\"\/><\/p>\n<p class=\"text-center mb-3\" style=\"font-size: 14px\">\u00a9 Iconsport<\/p>\n<p>      <strong>Cartons jaunes : Ba, Grillot et Diop sanctionn\u00e9s chez les Girondins de Bordeaux<\/strong><\/p>\n<p style=\"text-align: justify;\">Face \u00e0 Bergerac, Grillot, Ba et Manna\u00ef ont re\u00e7u un carton jaune. Les trois joueurs ont accumul\u00e9 3 cartons jaunes en mois de 3 moins et seront suspendus d&rsquo;un match. Samedi soir, dans les trav\u00e9es du Stade Gaston-Simounet apr\u00e8s le match, on ne s&rsquo;alarmait pas au sein du club, au contraire. En effet, la sanction devrait tomber pour le 5e tour de coupe de France qui se joue le week-end du 12 octobre.<\/p>\n<p style=\"text-align: justify;\">Ainsi, les trois joueurs devraient \u00eatre disponibles pour le d\u00e9placement \u00e0 Poitiers ce samedi, 7e journ\u00e9e de N2. Bordeaux \u00e9vite le pire. Si on avait voulu le faire expr\u00e8s, on n&rsquo;aurait pas fait mieux.<\/p>\n<p style=\"text-align: justify;\">Rappelons qu&rsquo;Adama Diop (milieu de terrain) est suspendu pour affronter le Stade Poitevin, il purgera un match de suspension \u00e0 la suite de 3 avertissements re\u00e7us dans une p\u00e9riode de 3 mois.<\/p>\n<p>\u00c0 lire aussi :\u00a0<strong><a href=\"https:\/\/www.webgirondins.com\/actualite-girondins-girondins-etienne-beugre-de-retour-a-bordeaux-apres-un-long-feuilleton-130608\" target=\"_blank\" rel=\"noopener nofollow\">\u00c9tienne Beugre de retour \u00e0 Bordeaux apr\u00e8s un long feuilleton<\/a><\/strong><\/p>\n<p><strong>\u00a0<\/strong><\/p>\n<p>Notre podcast court sur l&rsquo;actu des Girondins \u00e0 \u00e9couter :<\/p>\n<p>\u00a0<\/p>\n<p>R\u00e9\u00e9dition article du 29 septembre.<\/p>\n","protected":false},"excerpt":{"rendered":"\u00a9 Iconsport Cartons jaunes : Ba, Grillot et Diop sanctionn\u00e9s chez les Girondins de Bordeaux Face \u00e0 Bergerac,&hellip;\n","protected":false},"author":2,"featured_media":350681,"comment_status":"","ping_status":"","sticky":false,"template":"","format":"standard","meta":{"footnotes":""},"categories":[1410],"tags":[37154,55747,10334,1997,52447,45895,38071,63,1011,27,1987,15011,11000,13392,55748,38072,4615,471,50755,3389,60,32571],"class_list":{"0":"post-428865","1":"post","2":"type-post","3":"status-publish","4":"format-standard","5":"has-post-thumbnail","7":"category-football","8":"tag-abou","9":"tag-accumulation","10":"tag-bientot","11":"tag-bordeaux","12":"tag-cartons","13":"tag-devront","14":"tag-faissal","15":"tag-football","16":"tag-fr","17":"tag-france","18":"tag-girondins","19":"tag-grillot","20":"tag-jaunes","21":"tag-jean","22":"tag-lannai","23":"tag-mannai","24":"tag-passer","25":"tag-pour","26":"tag-sanctionnes","27":"tag-seront","28":"tag-sports","29":"tag-suspendus"},"share_on_mastodon":{"url":"https:\/\/pubeurope.com\/@fr\/115293873088395363","error":""},"_links":{"self":[{"href":"https:\/\/www.europesays.com\/fr\/wp-json\/wp\/v2\/posts\/428865","targetHints":{"allow":["GET"]}}],"collection":[{"href":"https:\/\/www.europesays.com\/fr\/wp-json\/wp\/v2\/posts"}],"about":[{"href":"https:\/\/www.europesays.com\/fr\/wp-json\/wp\/v2\/types\/post"}],"author":[{"embeddable":true,"href":"https:\/\/www.europesays.com\/fr\/wp-json\/wp\/v2\/users\/2"}],"replies":[{"embeddable":true,"href":"https:\/\/www.europesays.com\/fr\/wp-json\/wp\/v2\/comments?post=428865"}],"version-history":[{"count":0,"href":"https:\/\/www.europesays.com\/fr\/wp-json\/wp\/v2\/posts\/428865\/revisions"}],"wp:featuredmedia":[{"embeddable":true,"href":"https:\/\/www.europesays.com\/fr\/wp-json\/wp\/v2\/media\/350681"}],"wp:attachment":[{"href":"https:\/\/www.europesays.com\/fr\/wp-json\/wp\/v2\/media?parent=428865"}],"wp:term":[{"taxonomy":"category","embeddable":true,"href":"https:\/\/www.europesays.com\/fr\/wp-json\/wp\/v2\/categories?post=428865"},{"taxonomy":"post_tag","embeddable":true,"href":"https:\/\/www.europesays.com\/fr\/wp-json\/wp\/v2\/tags?post=428865"}],"curies":[{"name":"wp","href":"https:\/\/api.w.org\/{rel}","templated":true}]}}