{"id":428866,"date":"2025-09-30T15:07:29","date_gmt":"2025-09-30T15:07:29","guid":{"rendered":"https:\/\/www.europesays.com\/fr\/428866\/"},"modified":"2025-09-30T15:07:29","modified_gmt":"2025-09-30T15:07:29","slug":"obseques-de-claudia-cardinale-nicolas-bedos-nikos-aliagas-rachida-dati-un-dernier-adieu-emouvant-photos","status":"publish","type":"post","link":"https:\/\/www.europesays.com\/fr\/428866\/","title":{"rendered":"Obs\u00e8ques de Claudia Cardinale : Nicolas Bedos, Nikos Aliagas, Rachida Dati\u2026 Un dernier adieu \u00e9mouvant (Photos)"},"content":{"rendered":"<p>Une autre ic\u00f4ne du cin\u00e9ma nous quitte. Quelques jours apr\u00e8s<br \/>\n<a href=\"https:\/\/www.closermag.fr\/people\/mort-de-robert-redford-lenquete-sur-le-deces-de-son-gendre-a-22-ans-relancee-3581601\" rel=\"nofollow noopener\" target=\"_blank\"><br \/>\nRobert Redford<\/a>, c\u2019est l\u2019italienne <a href=\"https:\/\/www.closermag.fr\/people\/mort-de-claudia-cardinale-lhorrible-histoire-derriere-la-naissance-de-son-premier-enfant-3581971\" rel=\"nofollow noopener\" target=\"_blank\"><br \/>\nClaudia Cardinale<\/a> qui a tir\u00e9 sa r\u00e9v\u00e9rence, \u00e0 l\u2019\u00e2ge de<br \/>\n<strong>87 ans<\/strong>. \u201cClaudia Cardinale est d\u00e9c\u00e9d\u00e9e ce 23<br \/>\nseptembre \u00e0 l\u2019\u00e2ge de 87 ans aupr\u00e8s de ses enfants, dans sa maison<br \/>\nLe Picardeau \u00e0 Nemours o\u00f9 elle vivait et avait cr\u00e9\u00e9 avec sa fille<br \/>\nla Fondazione Claudia Cardinale. Elle nous laisse l\u2019h\u00e9ritage d\u2019une<br \/>\nfemme libre et inspir\u00e9e tant dans son parcours de femme que<br \/>\nd\u2019artiste\u201d, a indiqu\u00e9 son agent dans un communiqu\u00e9.\u00a0<\/p>\n<p>Obs\u00e8ques de Claudia Cardinale : les stars r\u00e9unies en masse<\/p>\n<p>Sans surprise, la disparition de la star a suscit\u00e9 un v\u00e9ritable<br \/>\n\u00e9moi dans le monde du septi\u00e8me art et plusieurs personnalit\u00e9s lui<br \/>\nont rendu hommage apr\u00e8s l\u2019annonce de sa mort. Ce mardi 30<br \/>\nseptembre, jour des fun\u00e9railles, ils \u00e9taient <strong>nombreux \u00e0 se<br \/>\nr\u00e9unir<\/strong> pour lui rendre un dernier hommage.\u00a0<\/p>\n<blockquote class=\"instagram-media\" style=\"background: #ffffff;border: 0;margin: 1px;width: 100%;padding: 0;max-width: 500px;\" data-instgrm-permalink=\"https:\/\/www.instagram.com\/p\/DPOgeOmjNAe\/\" data-instgrm-version=\"14\"\/>\n<p>Alors qu\u2019une c\u00e9r\u00e9monie religieuse \u00e9tait organis\u00e9e \u00e0 l\u2019Eglise<br \/>\nSaint-Roch, dans la capitale, on a pu apercevoir <a href=\"https:\/\/www.closermag.fr\/people\/rachida-dati-scandale-a-france-inter-patrick-cohen-filme-en-pleines-manigances-avec-une-star-de-la-station-3575965\" rel=\"nofollow noopener\" target=\"_blank\"><br \/>\nRachida Dati<\/a>, Catherine Jacob, <strong>Bernard<br \/>\nMontiel<\/strong>, Paul Belmondo, Nikos Aliagas, Georges Beller,<br \/>\nPatrick Pr\u00e9jean ou encore <a href=\"https:\/\/www.closermag.fr\/people\/nicolas-bedos-devenu-pere-apres-sa-condamnation-quelque-chose-de-grotesque-3541239\" rel=\"nofollow noopener\" target=\"_blank\"><br \/>\nNicolas Bedos<\/a> et sa m\u00e8re Jo\u00eblle Bercot, Val\u00e9rie P\u00e9cresse, Jack<br \/>\nLang, ainsi que <a href=\"https:\/\/www.closermag.fr\/people\/mort-de-claudia-cardinale-qui-etait-pasquale-squitieri-son-grand-amour-et-pere-de-sa-fille-3582012\" rel=\"nofollow noopener\" target=\"_blank\"><br \/>\nClaudia Squitieri<\/a>, la fille de l\u2019actrice.\u00a0<\/p>\n<p>Obs\u00e8ques de Claudia Cardinale : cette<br \/>\ndemande sp\u00e9ciale de la famille<\/p>\n<p>Un second hommage religieux sera rendu le mercredi 1er octobre,<br \/>\n\u00e0 15h00, en l\u2019\u00e9glise Saint-Jean-Baptiste de Nemours<br \/>\n(Seine-et-Marne), la ville o\u00f9 Claudia Cardinale s\u2019est \u00e9teinte. La<br \/>\nfamille de l\u2019actrice a cependant pr\u00e9cis\u00e9 que la cr\u00e9mation \u00ab\u00a0aura<br \/>\nlieu dans la <strong>plus stricte intimit\u00e9<br \/>\nfamiliale<\/strong>\u00ab\u00a0.\u00a0<\/p>\n<p>Pour les obs\u00e8ques qui se sont d\u00e9roul\u00e9es ce mardi, <a href=\"https:\/\/www.closermag.fr\/people\/obseques-de-claudia-cardinale-le-choix-fort-et-symbolique-de-sa-famille-pour-la-ceremonie-3582493\" rel=\"nofollow noopener\" target=\"_blank\"><br \/>\nles proches<\/a> ont fait savoir qu\u2019ils ne souhaitaient \u201cni fleurs,<br \/>\nni souvenirs\u201d. En revanche, si les invit\u00e9s le souhaitent, ils<br \/>\npeuvent <strong>faire un don<\/strong> \u00e0 la Fondazione Claudia<br \/>\nCardinale, l\u2019association de la star, qui vient en aide aux jeunes<br \/>\nartistes. \u00ab\u00a0Pour Claudia Cardinale, l\u2019art \u00e9tait un moyen de<br \/>\nchanger le monde\u00a0\u00bb, a r\u00e9v\u00e9l\u00e9 sa famille.\u00a0<\/p>\n<p>Diaporama<br \/>\n<img decoding=\"async\" class=\"diapo_img img-responsive lazy-load\" loading=\"lazy\" src=\"https:\/\/www.europesays.com\/fr\/wp-content\/uploads\/2025\/09\/bestimage_00725890_000042.jpg\"\/><\/p>\n<p>\u00a9 bestimage<\/p>\n<p>1\/9 Obs\u00e8ques de Claudia Cardinale en l\u2019\u00e9glise<br \/>\nSaint-Roch de Paris<\/p>\n<p>Cercueil de la d\u00e9funte &#8211; Obs\u00e8ques de Claudia Cardinale en<br \/>\nl\u2019\u00e9glise Saint-Roch de Paris, France, le 30 septembre 2025<\/p>\n<p><img decoding=\"async\" class=\"diapo_img img-responsive lazy-load\" loading=\"lazy\" src=\"https:\/\/www.europesays.com\/fr\/wp-content\/uploads\/2025\/09\/bestimage_00725890_000055.jpg\"\/><\/p>\n<p>bestimage<\/p>\n<p>2\/9 Nicolas Bedos\u00a0<\/p>\n<p>Obs\u00e8ques de Claudia Cardinale en l\u2019\u00e9glise Saint-Roch de Paris,<br \/>\nFrance, le 30 septembre 2025.\u00a0<\/p>\n<p><img decoding=\"async\" class=\"diapo_img img-responsive lazy-load\" loading=\"lazy\" src=\"https:\/\/www.europesays.com\/fr\/wp-content\/uploads\/2025\/09\/bestimage_00725890_000032.jpg\"\/><\/p>\n<p>bestimage<\/p>\n<p>3\/9 Rachida Dati\u00a0<\/p>\n<p>Obs\u00e8ques de Claudia Cardinale en l\u2019\u00e9glise Saint-Roch de Paris,<br \/>\nFrance, le 30 septembre 2025.<\/p>\n<p><img decoding=\"async\" class=\"diapo_img img-responsive lazy-load\" loading=\"lazy\" src=\"https:\/\/www.europesays.com\/fr\/wp-content\/uploads\/2025\/09\/bestimage_00725890_000025.jpg\"\/><\/p>\n<p>bestimage<\/p>\n<p>4\/9 Claudia Squitieri, fille de Claudia<br \/>\nCardinale\u00a0<\/p>\n<p>\u00a0Obs\u00e8ques de Claudia Cardinale en l\u2019\u00e9glise Saint-Roch de<br \/>\nParis, France, le 30 septembre 2025. \u00a9 Bestimage<\/p>\n<p><img decoding=\"async\" class=\"diapo_img img-responsive lazy-load\" loading=\"lazy\" src=\"https:\/\/www.europesays.com\/fr\/wp-content\/uploads\/2025\/09\/bestimage_00725890_000015.jpg\"\/><\/p>\n<p>bestimage<\/p>\n<p>5\/9 Valerie Pecresse\u00a0<\/p>\n<p>Obs\u00e8ques de Claudia Cardinale en l\u2019\u00e9glise Saint-Roch de Paris,<br \/>\nFrance, le 30 septembre 2025.\u00a0<\/p>\n<p><img decoding=\"async\" class=\"diapo_img img-responsive lazy-load\" loading=\"lazy\" src=\"https:\/\/www.europesays.com\/fr\/wp-content\/uploads\/2025\/09\/bestimage_00725890_000020.jpg\"\/><\/p>\n<p>bestimage<\/p>\n<p>6\/9 Bernard Montiel\u00a0<\/p>\n<p>Obs\u00e8ques de Claudia Cardinale en l\u2019\u00e9glise Saint-Roch de Paris,<br \/>\nFrance, le 30 septembre 2025.\u00a0<\/p>\n<p><img decoding=\"async\" class=\"diapo_img img-responsive lazy-load\" loading=\"lazy\" src=\"https:\/\/www.europesays.com\/fr\/wp-content\/uploads\/2025\/09\/bestimage_00725890_000007.jpg\"\/><\/p>\n<p>bestimage<\/p>\n<p>7\/9 Catherine Jacob\u00a0<\/p>\n<p>Obs\u00e8ques de Claudia Cardinale en l\u2019\u00e9glise Saint-Roch de Paris,<br \/>\nFrance, le 30 septembre 2025. \u00a9 Bestimage<\/p>\n<p><img decoding=\"async\" class=\"diapo_img img-responsive lazy-load\" loading=\"lazy\" src=\"https:\/\/www.europesays.com\/fr\/wp-content\/uploads\/2025\/09\/bestimage_00725890_000035.jpg\"\/><\/p>\n<p>bestimage<\/p>\n<p>8\/9 Nikos Aliagas\u00a0<\/p>\n<p>Obs\u00e8ques de Claudia Cardinale en l\u2019\u00e9glise Saint-Roch de Paris,<br \/>\nFrance, le 30 septembre 2025.\u00a0<\/p>\n<p><img decoding=\"async\" class=\"diapo_img img-responsive lazy-load\" loading=\"lazy\" src=\"https:\/\/www.europesays.com\/fr\/wp-content\/uploads\/2025\/09\/bestimage_00725890_000046.jpg\"\/><\/p>\n<p>bestimage<\/p>\n<p>9\/9 Nicolas Bedos et sa m\u00e8re Jo\u00eblle<br \/>\nBercot\u00a0<\/p>\n<p>Obs\u00e8ques de Claudia Cardinale en l\u2019\u00e9glise Saint-Roch de Paris,<br \/>\nFrance, le 30 septembre 2025.<\/p>\n<p><script async src=\"\/\/www.instagram.com\/embed.js\"><\/script><\/p>\n","protected":false},"excerpt":{"rendered":"Une autre ic\u00f4ne du cin\u00e9ma nous quitte. Quelques jours apr\u00e8s Robert Redford, c\u2019est l\u2019italienne Claudia Cardinale qui a&hellip;\n","protected":false},"author":2,"featured_media":428867,"comment_status":"","ping_status":"","sticky":false,"template":"","format":"standard","meta":{"footnotes":""},"categories":[1359],"tags":[54819,58,59,1011,27,1638,973],"class_list":{"0":"post-428866","1":"post","2":"type-post","3":"status-publish","4":"format-standard","5":"has-post-thumbnail","7":"category-people","8":"tag-claudia-cardinale","9":"tag-divertissement","10":"tag-entertainment","11":"tag-fr","12":"tag-france","13":"tag-has_diapo","14":"tag-people"},"share_on_mastodon":{"url":"https:\/\/pubeurope.com\/@fr\/115293877070249984","error":""},"_links":{"self":[{"href":"https:\/\/www.europesays.com\/fr\/wp-json\/wp\/v2\/posts\/428866","targetHints":{"allow":["GET"]}}],"collection":[{"href":"https:\/\/www.europesays.com\/fr\/wp-json\/wp\/v2\/posts"}],"about":[{"href":"https:\/\/www.europesays.com\/fr\/wp-json\/wp\/v2\/types\/post"}],"author":[{"embeddable":true,"href":"https:\/\/www.europesays.com\/fr\/wp-json\/wp\/v2\/users\/2"}],"replies":[{"embeddable":true,"href":"https:\/\/www.europesays.com\/fr\/wp-json\/wp\/v2\/comments?post=428866"}],"version-history":[{"count":0,"href":"https:\/\/www.europesays.com\/fr\/wp-json\/wp\/v2\/posts\/428866\/revisions"}],"wp:featuredmedia":[{"embeddable":true,"href":"https:\/\/www.europesays.com\/fr\/wp-json\/wp\/v2\/media\/428867"}],"wp:attachment":[{"href":"https:\/\/www.europesays.com\/fr\/wp-json\/wp\/v2\/media?parent=428866"}],"wp:term":[{"taxonomy":"category","embeddable":true,"href":"https:\/\/www.europesays.com\/fr\/wp-json\/wp\/v2\/categories?post=428866"},{"taxonomy":"post_tag","embeddable":true,"href":"https:\/\/www.europesays.com\/fr\/wp-json\/wp\/v2\/tags?post=428866"}],"curies":[{"name":"wp","href":"https:\/\/api.w.org\/{rel}","templated":true}]}}