{"id":428868,"date":"2025-09-30T15:08:14","date_gmt":"2025-09-30T15:08:14","guid":{"rendered":"https:\/\/www.europesays.com\/fr\/428868\/"},"modified":"2025-09-30T15:08:14","modified_gmt":"2025-09-30T15:08:14","slug":"que-fallait-il-retenir-du-defile-louis-vuitton","status":"publish","type":"post","link":"https:\/\/www.europesays.com\/fr\/428868\/","title":{"rendered":"que fallait-il retenir du d\u00e9fil\u00e9 Louis Vuitton ?"},"content":{"rendered":"<p>Pour cette collection printemps-\u00e9t\u00e9 2026 pr\u00e9sent\u00e9e le mardi 30 septembre, Nicolas Ghesqui\u00e8re fait rayonner l\u2019esprit du voyage au c\u0153ur de mus\u00e9e du Louvre, \u00e0 Paris.<\/p>\n<p class=\"fig-paragraph\">L\u2019actrice\u00a0<a href=\"https:\/\/madame.lefigaro.fr\/tag\/zendaya\" target=\"_blank\" data-fig-type=\"Keyword\" rel=\"sponsored noopener\" data-gtm-custom-categorie=\"navigation\" data-gtm-custom-action=\"crossclick\" data-gtm-custom-label=\"Contextuel\" data-gtm-event=\"customEventSPE\" data-fig-domain=\"MADAME\">Zendaya<\/a>, sculpturale dans un ensemble argent, a illumin\u00e9 de sa pr\u00e9sence le show\u00a0<a href=\"https:\/\/madame.lefigaro.fr\/tag\/louis-vuitton\" target=\"_blank\" data-fig-type=\"Keyword\" rel=\"sponsored noopener\" data-gtm-custom-categorie=\"navigation\" data-gtm-custom-action=\"crossclick\" data-gtm-custom-label=\"Contextuel\" data-gtm-event=\"customEventSPE\" data-fig-domain=\"MADAME\">Louis Vuitton<\/a>. Elle \u00e9tait entour\u00e9e de c\u00e9l\u00e9brit\u00e9s et amies de la maison, telles Brigitte Macron, Lisa, Emma Stone, Ana de Armas, Marina Fo\u00efs, No\u00e9mie Merlant ou la belle L\u00e9a Seydoux, qui figuraient parmi les rares invit\u00e9s de ce d\u00e9fil\u00e9 tr\u00e8s confidentiel et luxueux.<\/p>\n<p class=\"fig-paragraph\">Pour sa collection printemps-\u00e9t\u00e9 2026,\u00a0<a href=\"https:\/\/madame.lefigaro.fr\/tag\/nicolas-ghesquiere\" target=\"_blank\" data-fig-type=\"Keyword\" rel=\"sponsored noopener\" data-gtm-custom-categorie=\"navigation\" data-gtm-custom-action=\"crossclick\" data-gtm-custom-label=\"Contextuel\" data-gtm-event=\"customEventSPE\" data-fig-domain=\"MADAME\">Nicolas Ghesqui\u00e8re<\/a>, le directeur artistique des collections femmes du c\u00e9l\u00e8bre malletier, a choisi l\u2019intimit\u00e9 d\u2019un lieu d\u2019exception en plein c\u0153ur du palais du Louvre\u00a0: l\u2019appartement d\u2019\u00e9t\u00e9 d\u2019Anne d\u2019Autriche, reine de France de 1615 \u00e0 1643, \u00e9pouse de Louis XIII et m\u00e8re de Louis XIV. Ferm\u00e9s depuis quarante ans, ces appartements con\u00e7us par l\u2019architecte Louis Le Vau ont fait l\u2019objet d\u2019une restauration approfondie entre 2022 et 2024 afin de revenir \u00e0 ce qu\u2019ils \u00e9taient au temps de leur splendeur.<\/p>\n<p>    collection Louis Vuitton printemps-\u00e9t\u00e9 2026.<br \/>\n                Benoit Tessier \/ REUTERS<\/p>\n<p>                                    <a class=\"fig-a11y-skip a11y-hidden\" href=\"#fig-a11y-skip-main-inarticle\"><br \/>\n        Passer la publicit\u00e9<br \/>\n    <\/a><\/p>\n<p>Instants de vie<\/p>\n<p class=\"fig-paragraph\">Un parfait \u00e9crin pour cette collection\u00a0<a href=\"http:\/\/madame.lefigaro.fr\/style\/news\/brigitte-macron-zendaya-marina-fois-le-front-row-du-defile-louis-vuitton-dans-la-cour-carree-du-louvre-20250930\" data-fig-type=\"Article\" data-gtm-custom-categorie=\"navigation\" data-gtm-custom-action=\"crossclick\" data-gtm-custom-label=\"Contextuel\" data-gtm-event=\"customEventSPE\" data-fig-domain=\"MADAME\" target=\"_blank\" rel=\"noopener\">Louis Vuitton<\/a>\u00a0imagin\u00e9e comme une all\u00e9gorie d\u2019une \u00e9l\u00e9gance traversant les \u00e9poques, un voyage intimiste dans la vie d\u2019une femme. Le d\u00e9fil\u00e9, intitul\u00e9 \u00abL\u2019Appartement\u00a0\u00bb, nous prom\u00e8ne \u00e0 travers diff\u00e9rentes pi\u00e8ces\u00a0: le vestibule, l\u2019antichambre, le petit salon, le cabinet de bain avec sa baignoire centrale, la biblioth\u00e8que, le jardin d\u2019hiver ouvrant sur un balcon et la salle de bal. Chaque lieu \u00e9voque un instant de vie, une atmosph\u00e8re particuli\u00e8re o\u00f9 s\u2019entrecroisent plusieurs femmes sans jamais se voir, r\u00e9v\u00e9lant chacune leur intimit\u00e9 et leur libert\u00e9\u00a0: robes d\u00e9shabill\u00e9es en soie esprit boudoir revisit\u00e9, manteau sans manches d\u2019un doux rose enti\u00e8rement par\u00e9 de pierreries color\u00e9es, top travaill\u00e9 sur pantalon finement ray\u00e9 orn\u00e9 de guirlandes de fleurs inspir\u00e9 d\u2019un jardin d\u2019\u00e9t\u00e9, robe brod\u00e9e de fleurs et de feuilles de vigne port\u00e9e sur un jean\u2026 Les tonalit\u00e9s sont douces, la souplesse est de mise, prouvant que le luxe ultime est de s\u2019habiller pour soi, de r\u00e9v\u00e9ler sa v\u00e9ritable personnalit\u00e9.<\/p>\n<p class=\"fig-paragraph\">Le tout, dans un lieu charg\u00e9 d\u2019histoire o\u00f9 s\u2019entrem\u00ealent trois p\u00e9riodes architecturales, entre plafond du XVIIe si\u00e8cle, sol en marbre polychrome du Second Empire et murs rouges des ann\u00e9es 1930. Et en bande-son la voix de\u00a0<a href=\"https:\/\/madame.lefigaro.fr\/tag\/cate-blanchett\" target=\"_blank\" data-fig-type=\"Keyword\" rel=\"sponsored noopener\" data-gtm-custom-categorie=\"navigation\" data-gtm-custom-action=\"crossclick\" data-gtm-custom-label=\"Contextuel\" data-gtm-event=\"customEventSPE\" data-fig-domain=\"MADAME\">Cate Blanchett<\/a>, enregistr\u00e9e sp\u00e9cialement pour le d\u00e9fil\u00e9, r\u00e9citant les paroles de This Must Be the Place du groupe Talking Heads.<\/p>\n","protected":false},"excerpt":{"rendered":"Pour cette collection printemps-\u00e9t\u00e9 2026 pr\u00e9sent\u00e9e le mardi 30 septembre, Nicolas Ghesqui\u00e8re fait rayonner l\u2019esprit du voyage au&hellip;\n","protected":false},"author":2,"featured_media":428869,"comment_status":"","ping_status":"","sticky":false,"template":"","format":"standard","meta":{"footnotes":""},"categories":[1358],"tags":[1348,1384,1385,55749,993,1386,58,59,992,1011,27,3797],"class_list":{"0":"post-428868","1":"post","2":"type-post","3":"status-publish","4":"format-standard","5":"has-post-thumbnail","7":"category-arts-et-design","8":"tag-arts","9":"tag-arts-and-design","10":"tag-arts-et-design","11":"tag-compte-rendu","12":"tag-defiles","13":"tag-design","14":"tag-divertissement","15":"tag-entertainment","16":"tag-fashion-week","17":"tag-fr","18":"tag-france","19":"tag-louis-vuitton"},"share_on_mastodon":{"url":"https:\/\/pubeurope.com\/@fr\/115293880570822768","error":""},"_links":{"self":[{"href":"https:\/\/www.europesays.com\/fr\/wp-json\/wp\/v2\/posts\/428868","targetHints":{"allow":["GET"]}}],"collection":[{"href":"https:\/\/www.europesays.com\/fr\/wp-json\/wp\/v2\/posts"}],"about":[{"href":"https:\/\/www.europesays.com\/fr\/wp-json\/wp\/v2\/types\/post"}],"author":[{"embeddable":true,"href":"https:\/\/www.europesays.com\/fr\/wp-json\/wp\/v2\/users\/2"}],"replies":[{"embeddable":true,"href":"https:\/\/www.europesays.com\/fr\/wp-json\/wp\/v2\/comments?post=428868"}],"version-history":[{"count":0,"href":"https:\/\/www.europesays.com\/fr\/wp-json\/wp\/v2\/posts\/428868\/revisions"}],"wp:featuredmedia":[{"embeddable":true,"href":"https:\/\/www.europesays.com\/fr\/wp-json\/wp\/v2\/media\/428869"}],"wp:attachment":[{"href":"https:\/\/www.europesays.com\/fr\/wp-json\/wp\/v2\/media?parent=428868"}],"wp:term":[{"taxonomy":"category","embeddable":true,"href":"https:\/\/www.europesays.com\/fr\/wp-json\/wp\/v2\/categories?post=428868"},{"taxonomy":"post_tag","embeddable":true,"href":"https:\/\/www.europesays.com\/fr\/wp-json\/wp\/v2\/tags?post=428868"}],"curies":[{"name":"wp","href":"https:\/\/api.w.org\/{rel}","templated":true}]}}