{"id":428870,"date":"2025-09-30T15:09:12","date_gmt":"2025-09-30T15:09:12","guid":{"rendered":"https:\/\/www.europesays.com\/fr\/428870\/"},"modified":"2025-09-30T15:09:12","modified_gmt":"2025-09-30T15:09:12","slug":"damvillers-une-autrice-offre-son-livre-a-la-bibliotheque","status":"publish","type":"post","link":"https:\/\/www.europesays.com\/fr\/428870\/","title":{"rendered":"Damvillers. Une autrice offre son livre \u00e0\u00a0la\u00a0biblioth\u00e8que"},"content":{"rendered":"<p>H\u00e9l\u00e8ne J\u00e9hannin rencontrait r\u00e9cemment les membres de la biblioth\u00e8que Andr\u00e9-Theuriet pour remettre son deuxi\u00e8me livre en cadeau. Il s\u2019agit d\u2019un roman aventure, d\u2019anticipation qui entra\u00eene le lecteur bien au-del\u00e0 de 2025 dans un contexte d\u2019une catastrophe \u00e9cologique sans pr\u00e9c\u00e9dent. Lequel entra\u00eene le lecteur dans un rayon de dix kilom\u00e8tres autour de lui\u2026<\/p>\n<p>H\u00e9l\u00e8ne J\u00e9hannin sera en d\u00e9dicace \u00e0 la biblioth\u00e8que Andr\u00e9-Theuriet, rue sous la Vo\u00fbte, le samedi 4\u00a0octobre \u00e0 10\u00a0h.<\/p>\n","protected":false},"excerpt":{"rendered":"H\u00e9l\u00e8ne J\u00e9hannin rencontrait r\u00e9cemment les membres de la biblioth\u00e8que Andr\u00e9-Theuriet pour remettre son deuxi\u00e8me livre en cadeau. Il&hellip;\n","protected":false},"author":2,"featured_media":428871,"comment_status":"","ping_status":"","sticky":false,"template":"","format":"standard","meta":{"footnotes":""},"categories":[1357],"tags":[1379,55751,1687,55750,58,10174,59,1011,27,1380,2410],"class_list":{"0":"post-428870","1":"post","2":"type-post","3":"status-publish","4":"format-standard","5":"has-post-thumbnail","7":"category-livres","8":"tag-books","9":"tag-cc-de-damvillers-spincourt-55a","10":"tag-culture-loisirs","11":"tag-damvillers","12":"tag-divertissement","13":"tag-edition-verdun","14":"tag-entertainment","15":"tag-fr","16":"tag-france","17":"tag-livres","18":"tag-livres-bd"},"share_on_mastodon":{"url":"https:\/\/pubeurope.com\/@fr\/115293884581034384","error":""},"_links":{"self":[{"href":"https:\/\/www.europesays.com\/fr\/wp-json\/wp\/v2\/posts\/428870","targetHints":{"allow":["GET"]}}],"collection":[{"href":"https:\/\/www.europesays.com\/fr\/wp-json\/wp\/v2\/posts"}],"about":[{"href":"https:\/\/www.europesays.com\/fr\/wp-json\/wp\/v2\/types\/post"}],"author":[{"embeddable":true,"href":"https:\/\/www.europesays.com\/fr\/wp-json\/wp\/v2\/users\/2"}],"replies":[{"embeddable":true,"href":"https:\/\/www.europesays.com\/fr\/wp-json\/wp\/v2\/comments?post=428870"}],"version-history":[{"count":0,"href":"https:\/\/www.europesays.com\/fr\/wp-json\/wp\/v2\/posts\/428870\/revisions"}],"wp:featuredmedia":[{"embeddable":true,"href":"https:\/\/www.europesays.com\/fr\/wp-json\/wp\/v2\/media\/428871"}],"wp:attachment":[{"href":"https:\/\/www.europesays.com\/fr\/wp-json\/wp\/v2\/media?parent=428870"}],"wp:term":[{"taxonomy":"category","embeddable":true,"href":"https:\/\/www.europesays.com\/fr\/wp-json\/wp\/v2\/categories?post=428870"},{"taxonomy":"post_tag","embeddable":true,"href":"https:\/\/www.europesays.com\/fr\/wp-json\/wp\/v2\/tags?post=428870"}],"curies":[{"name":"wp","href":"https:\/\/api.w.org\/{rel}","templated":true}]}}