{"id":428884,"date":"2025-09-30T15:16:10","date_gmt":"2025-09-30T15:16:10","guid":{"rendered":"https:\/\/www.europesays.com\/fr\/428884\/"},"modified":"2025-09-30T15:16:10","modified_gmt":"2025-09-30T15:16:10","slug":"des-chercheurs-prouvent-que-nos-cellules-brillent-faiblement-de-lumiere-avant-que-ce-signal-vital-disparaisse-a-la-mort","status":"publish","type":"post","link":"https:\/\/www.europesays.com\/fr\/428884\/","title":{"rendered":"des chercheurs prouvent que nos cellules brillent faiblement de lumi\u00e8re avant que ce signal vital disparaisse \u00e0 la mort"},"content":{"rendered":"<tr>\n<td><strong>EN BREF<\/strong><\/td>\n<\/tr>\n<tr>\n<td>\n<ul>\n<li>\ud83d\udd2c Le <strong>corps humain<\/strong> \u00e9met une <strong>lumi\u00e8re subtile<\/strong> qui s\u2019\u00e9teint apr\u00e8s la <strong>mort<\/strong>.<\/li>\n<li>\ud83e\uddec Les <strong>mitochondries<\/strong> sont responsables de cette <strong>\u00e9mission<\/strong> de <strong>biophotons<\/strong>.<\/li>\n<li>\ud83d\udc2d Des <strong>exp\u00e9riences<\/strong> sur des <strong>souris<\/strong> montrent une baisse significative de la lumi\u00e8re apr\u00e8s la mort.<\/li>\n<li>\ud83c\udf3f Les <strong>plantes<\/strong> bless\u00e9es \u00e9mettent plus de lumi\u00e8re, indiquant une r\u00e9ponse au <strong>stress<\/strong>.<\/li>\n<\/ul>\n<\/td>\n<\/tr>\n<p>Une r\u00e9cente \u00e9tude a r\u00e9v\u00e9l\u00e9 un ph\u00e9nom\u00e8ne fascinant : le corps humain \u00e9met une lumi\u00e8re qui dispara\u00eet \u00e0 la mort. Ce ph\u00e9nom\u00e8ne, bien loin d\u2019\u00eatre mystique, est ancr\u00e9 dans des processus biologiques. Des chercheurs de l\u2019universit\u00e9 de Calgary et du Conseil national de recherches du Canada ont men\u00e9 des exp\u00e9riences sur des souris et des plantes pour explorer cette \u00e9mission de lumi\u00e8re. Cette d\u00e9couverte soul\u00e8ve de nombreuses questions sur les m\u00e9canismes biologiques \u00e0 l\u2019\u0153uvre et pourrait avoir des implications importantes dans le domaine de la sant\u00e9 et de la biologie.<\/p>\n<p>La lumi\u00e8re du m\u00e9tabolisme oxydatif<\/p>\n<p>Le m\u00e9tabolisme oxydatif, pr\u00e9sent dans toutes les formes de vie, est \u00e0 l\u2019origine de cette lumi\u00e8re. Les mitochondries, v\u00e9ritables centrales \u00e9nerg\u00e9tiques des cellules, produisent des mol\u00e9cules d\u2019\u00e9nergie tout en g\u00e9n\u00e9rant des esp\u00e8ces r\u00e9actives d\u2019oxyg\u00e8ne. Ces esp\u00e8ces r\u00e9actives interagissent avec d\u2019autres composants cellulaires, produisant ainsi une faible \u00e9mission de photons, appel\u00e9s <strong>biophotons<\/strong>. Ces biophotons sont normalement invisibles \u00e0 l\u2019\u0153il nu en raison de leur faible quantit\u00e9. Cependant, les chercheurs ont r\u00e9ussi \u00e0 les d\u00e9tecter gr\u00e2ce \u00e0 des dispositifs avanc\u00e9s. Ces outils, tels que le dispositif \u00e0 couplage de charge multiplicateur d\u2019\u00e9lectrons, permettent d\u2019enregistrer les \u00e9missions de photons ultrafaibles (EPU).<\/p>\n<blockquote class=\"wp-embedded-content\" data-secret=\"xAUebAxa4B\">\n<p><a href=\"https:\/\/www.le-gaz.fr\/2025\/09\/28\/le-telescope-james-webb-revele-limpossible-cette-region-sagittarius-b2-defie-toutes-les-lois-de-formation-stellaire-connues\/\" rel=\"nofollow noopener\" target=\"_blank\">\u00ab\u00a0Le t\u00e9lescope James Webb r\u00e9v\u00e8le l\u2019impossible\u00a0\u00bb : cette r\u00e9gion Sagittarius B2 d\u00e9fie toutes les lois de formation stellaire connues<\/a><\/p>\n<\/blockquote>\n<p>Exp\u00e9riences sur les souris<\/p>\n<p>Lors des exp\u00e9riences, quatre souris ont \u00e9t\u00e9 plac\u00e9es dans des conditions contr\u00f4l\u00e9es de temp\u00e9rature et de luminosit\u00e9. Apr\u00e8s une heure, elles ont \u00e9t\u00e9 euthanasi\u00e9es pour observer les changements dans l&rsquo;\u00e9mission de lumi\u00e8re. Les r\u00e9sultats ont montr\u00e9 une baisse significative des photons apr\u00e8s la mort. Les points lumineux \u00e9taient principalement concentr\u00e9s sur les pattes et la t\u00eate, et m\u00eame ces \u00e9missions r\u00e9siduelles s&rsquo;\u00e9teignaient rapidement. L&rsquo;absence de dioxyg\u00e8ne apr\u00e8s la mort semble stopper la lib\u00e9ration de photons. De plus, la lumi\u00e8re varie au cours de la journ\u00e9e et le visage pourrait \u00eatre l\u00e9g\u00e8rement plus lumineux que le reste du corps.<\/p>\n<blockquote class=\"wp-embedded-content\" data-secret=\"h54VWgkeBj\">\n<p><a href=\"https:\/\/www.le-gaz.fr\/2025\/09\/28\/les-dechets-nucleaires-deviennent-de-lor-spatial-cette-revolution-energetique-va-propulser-lhumanite-vers-mars\/\" rel=\"nofollow noopener\" target=\"_blank\">\u00ab\u00a0Les d\u00e9chets nucl\u00e9aires deviennent de l\u2019or spatial\u00a0\u00bb : cette r\u00e9volution \u00e9nerg\u00e9tique va propulser l\u2019humanit\u00e9 vers Mars<\/a><\/p>\n<\/blockquote>\n<p>Observations sur les plantes<\/p>\n<p>Les plantes ont \u00e9galement \u00e9t\u00e9 incluses dans l&rsquo;\u00e9tude. Les feuilles, lorsqu&rsquo;elles sont taill\u00e9es et expos\u00e9es \u00e0 des produits chimiques, montrent des zones bless\u00e9es plus lumineuses que les zones intactes. Ces \u00e9missions lumineuses, accentu\u00e9es par le stress, constituent un indicateur de vitalit\u00e9. Ce ph\u00e9nom\u00e8ne, bien que encore mal compris, ne rev\u00eat aucun caract\u00e8re mystique. Il s&rsquo;agit d&rsquo;un simple processus biochimique, comparable \u00e0 la r\u00e9action observ\u00e9e avec un b\u00e2ton lumineux. Comme l&rsquo;a expliqu\u00e9 Daniel Oblack, physicien \u00e0 l&rsquo;universit\u00e9 de Calgary, cette luminescence n&rsquo;est pas li\u00e9e \u00e0 des concepts mystiques tels que les auras ou les esprits.<\/p>\n<blockquote class=\"wp-embedded-content\" data-secret=\"uLvtbV9fpF\">\n<p><a href=\"https:\/\/www.le-gaz.fr\/2025\/09\/25\/ce-scanner-lit-le-cerveau-deinstein-la-chine-decode-larn-des-morts-celebres-et-bouleverse-la-recherche-medicale-historique\/\" rel=\"nofollow noopener\" target=\"_blank\">\u00ab Ce scanner lit le cerveau d\u2019Einstein \u00bb : la Chine d\u00e9code l\u2019ARN des morts c\u00e9l\u00e8bres et bouleverse la recherche m\u00e9dicale historique<\/a><\/p>\n<\/blockquote>\n<p>Applications et implications potentielles<\/p>\n<p>La mesure des EPU pourrait avoir des applications prometteuses. Elle pourrait offrir une <strong>imagerie non invasive<\/strong> pour surveiller la vitalit\u00e9 des animaux et la r\u00e9ponse des plantes au stress. Ce type d&rsquo;imagerie pourrait \u00eatre un outil pr\u00e9cieux pour suivre la sant\u00e9 de la faune et de la flore. Chez l&rsquo;humain, bien que des recherches suppl\u00e9mentaires soient n\u00e9cessaires, cette technique pourrait potentiellement suivre l&rsquo;\u00e9volution des maladies ou la r\u00e9ponse aux traitements. Les implications de cette d\u00e9couverte pourraient donc s&rsquo;\u00e9tendre bien au-del\u00e0 de la simple observation de la lumi\u00e8re \u00e9mise par les cellules.<\/p>\n<p>Cette \u00e9tude ouvre de nouvelles perspectives sur la compr\u00e9hension des processus biologiques \u00e0 l&rsquo;origine de la lumi\u00e8re \u00e9mise par les organismes vivants. La question demeure : comment cette lumi\u00e8re pourrait-elle \u00eatre utilis\u00e9e pour am\u00e9liorer notre compr\u00e9hension de la sant\u00e9 et de la maladie chez les humains et les autres formes de vie ?<\/p>\n<p>Cet article s\u2019appuie sur des sources v\u00e9rifi\u00e9es et l\u2019assistance de technologies \u00e9ditoriales.<\/p>\n<p id=\"rating\">\u00c7a vous a plu ?\u00a04.6\/5 (24)<\/p>\n","protected":false},"excerpt":{"rendered":"EN BREF \ud83d\udd2c Le corps humain \u00e9met une lumi\u00e8re subtile qui s\u2019\u00e9teint apr\u00e8s la mort. \ud83e\uddec Les mitochondries&hellip;\n","protected":false},"author":2,"featured_media":428885,"comment_status":"","ping_status":"","sticky":false,"template":"","format":"standard","meta":{"footnotes":""},"categories":[7],"tags":[1011,27,43,40,41,39,42,44],"class_list":{"0":"post-428884","1":"post","2":"type-post","3":"status-publish","4":"format-standard","5":"has-post-thumbnail","7":"category-sciences-et-technologies","8":"tag-fr","9":"tag-france","10":"tag-science","11":"tag-science-and-technology","12":"tag-sciences","13":"tag-sciences-et-technologies","14":"tag-technologies","15":"tag-technology"},"share_on_mastodon":{"url":"https:\/\/pubeurope.com\/@fr\/115293912076394041","error":""},"_links":{"self":[{"href":"https:\/\/www.europesays.com\/fr\/wp-json\/wp\/v2\/posts\/428884","targetHints":{"allow":["GET"]}}],"collection":[{"href":"https:\/\/www.europesays.com\/fr\/wp-json\/wp\/v2\/posts"}],"about":[{"href":"https:\/\/www.europesays.com\/fr\/wp-json\/wp\/v2\/types\/post"}],"author":[{"embeddable":true,"href":"https:\/\/www.europesays.com\/fr\/wp-json\/wp\/v2\/users\/2"}],"replies":[{"embeddable":true,"href":"https:\/\/www.europesays.com\/fr\/wp-json\/wp\/v2\/comments?post=428884"}],"version-history":[{"count":0,"href":"https:\/\/www.europesays.com\/fr\/wp-json\/wp\/v2\/posts\/428884\/revisions"}],"wp:featuredmedia":[{"embeddable":true,"href":"https:\/\/www.europesays.com\/fr\/wp-json\/wp\/v2\/media\/428885"}],"wp:attachment":[{"href":"https:\/\/www.europesays.com\/fr\/wp-json\/wp\/v2\/media?parent=428884"}],"wp:term":[{"taxonomy":"category","embeddable":true,"href":"https:\/\/www.europesays.com\/fr\/wp-json\/wp\/v2\/categories?post=428884"},{"taxonomy":"post_tag","embeddable":true,"href":"https:\/\/www.europesays.com\/fr\/wp-json\/wp\/v2\/tags?post=428884"}],"curies":[{"name":"wp","href":"https:\/\/api.w.org\/{rel}","templated":true}]}}