{"id":428900,"date":"2025-09-30T15:24:26","date_gmt":"2025-09-30T15:24:26","guid":{"rendered":"https:\/\/www.europesays.com\/fr\/428900\/"},"modified":"2025-09-30T15:24:26","modified_gmt":"2025-09-30T15:24:26","slug":"on-vous-dit-ou-et-ce-quil-symbolise","status":"publish","type":"post","link":"https:\/\/www.europesays.com\/fr\/428900\/","title":{"rendered":"on vous dit o\u00f9 et ce qu&rsquo;il symbolise"},"content":{"rendered":"<p>            Par<br \/>\n        <strong><br \/>\n            <a href=\"https:\/\/actu.fr\/auteur\/pierre-emile-bouchy-actu-fr\" title=\"Consulter tous les articles de Paul-Emile Bouchy\" target=\"_blank\" rel=\"noopener\">Paul-Emile Bouchy<\/a><br \/>\n        <\/strong><\/p>\n<p>        Publi\u00e9 le<\/p>\n<p>            30 sept. 2025 \u00e0 17h20<br \/>\n        ; mis \u00e0 jour le 30 sept. 2025 \u00e0 17h21    <\/p>\n<p>Depuis plusieurs ann\u00e9es, <strong>un travail m\u00e9moriel sur l\u2019h\u00e9ritage de la <\/strong><a href=\"https:\/\/actu.fr\/tag\/seconde-guerre-mondiale\" target=\"_blank\" rel=\"noopener\">Seconde Guerre mondiale<\/a> a \u00e9t\u00e9 entrepris \u00e0 <a href=\"https:\/\/actu.fr\/grand-est\/nancy_54395\" target=\"_blank\" rel=\"noopener\">Nancy<\/a> (Meurthe-et-Moselle) \u00e0 travers des \u00e9v\u00e8nements comme la <a href=\"https:\/\/actu.fr\/grand-est\/nancy_54395\/en-images-revivez-la-reconstitution-de-la-liberation-de-nancy_61637763.html\" target=\"_blank\" rel=\"noopener\">reconstitution de la Lib\u00e9ration de Nancy<\/a> mais aussi des lieux de m\u00e9moire comme <a href=\"https:\/\/actu.fr\/grand-est\/nancy_54395\/nancy-une-oeuvre-hommage-justes-ont-sauve-juifs-1942_15033503.html\" target=\"_blank\" rel=\"noopener\">la place des Justes<\/a> ou <strong>un monument d\u00e9di\u00e9 aux victimes de la d\u00e9portation<\/strong> au parc Charles III.<\/p>\n<p class=\" wall-content\">Dans cette lign\u00e9e, et selon une proposition de l\u2019association \u00ab\u00a0M\u00e9moire de la Shoah en Lorraine\u00a0\u00bb, <strong>un futur monument en m\u00e9moire des victimes de la Shoah va \u00eatre \u00e9rig\u00e9<\/strong> dans la cit\u00e9 ducale. On vous dit o\u00f9 et \u00e0 quoi cela va ressembler.<\/p>\n<p>Une \u0153uvre pour se souvenir des millions de Juifs tu\u00e9s<\/p>\n<p class=\" wall-content\">Ce lieu de m\u00e9moire sera compos\u00e9 d\u2019une sculpture monumentale de l\u2019artiste Arik L\u00e9vy. Intitul\u00e9e Pierres du souvenir, l\u2019\u0153uvre sera compos\u00e9e de <strong>quatre grandes pierres pour les adultes et de deux petites pour les enfants. <\/strong>Ces six \u00e9l\u00e9ments repr\u00e9sentent chacun un million de vies d\u00e9truites.<\/p>\n<p class=\" wall-content\">Elle sera install\u00e9e <strong>\u00e0 proximit\u00e9 du 14 boulevard Joffre<\/strong>, \u00e0 proximit\u00e9 de la synagogue de Nancy et du centre des congr\u00e8s. <strong>L\u2019inauguration aura lieu le 27 janvier 2026<\/strong> lors de la journ\u00e9e internationale de la m\u00e9moire des g\u00e9nocides et de la pr\u00e9vention des crimes contre l\u2019Humanit\u00e9.<\/p>\n<p>    <img   decoding=\"async\" loading=\"lazy\" src=\"https:\/\/www.europesays.com\/fr\/wp-content\/uploads\/2025\/09\/nancy-monument-memoire-shoah-nancy-960x640.jpg\" alt=\"La sculpture sera compos\u00e9e de 4 grandes et de deux petites pierres, symbolisant les millions de vies d\u00e9truites durant la Shoah.\" width=\"960\" height=\"640\"\/><br \/>\n    La sculpture sera compos\u00e9e de 4 grandes et de deux petites pierres, symbolisant les millions de vies d\u00e9truites durant la Shoah. (\u00a9DR \/ Association M\u00e9moire de la Shoah en Lorraine)Une borne num\u00e9rique pour se souvenir des victimes nanc\u00e9iennes de la Shoah<\/p>\n<p class=\" wall-content\">Dans un second temps, l\u2019installation de cette sculpture sera compl\u00e9t\u00e9e par <strong>une borne num\u00e9rique<\/strong>. Cet outil permettra de <strong>contextualiser l\u2019histoire et les parcours des victimes nanc\u00e9iennes de la Shoah<\/strong>.<\/p>\n<p>Votre r\u00e9gion, votre actu !<\/p>\n<p>Recevez chaque jour les infos qui comptent pour vous.<\/p>\n<p>\t<a href=\"https:\/\/actu.fr\/newsletter\" class=\"ac-btn ac-btn--corner ac-btn--medium ac-btn--blue800\" target=\"_blank\" rel=\"noopener\">S&rsquo;incrire<\/a><\/p>\n<p class=\" wall-content\">Le co\u00fbt pr\u00e9visionnel du projet s\u2019\u00e9l\u00e8ve \u00e0 <strong>293 900 euros TTC<\/strong> et la Ville de Nancy a vot\u00e9 lors du conseil municipal sa participation \u00e0 hauteur de 100 000 euros.<\/p>\n<p class=\" wall-content\">Une souscription publique a aussi \u00e9t\u00e9 ouverte par l\u2019association \u00ab\u00a0M\u00e9moire de la Shoah en Lorraine\u00a0\u00bb pour financer le monument. Elle est disponible via\u00a0<a href=\"https:\/\/www.helloasso.com\/beta\/associations\/memoire-de-la-shoah-en-lorraine\/formulaires\/2\" target=\"_blank\" rel=\"noopener\">ce lien<\/a>.<\/p>\n<p class=\" wall-content\">Personnalisez votre actualit\u00e9 en ajoutant vos villes et m\u00e9dias en favori avec <a href=\"https:\/\/moncompte.actu.fr\" title=\"D\u00e9couvez Mon Actu\" rel=\"nofollow noopener\" data-trk=\"{&quot;cta&quot;:{&quot;action&quot;:&quot;https:\\\/\\\/moncompte.actu.fr&quot;,&quot;category&quot;:&quot;mon compte&quot;,&quot;from&quot;:&quot;article footer&quot;,&quot;name&quot;:&quot;Mon actu&quot;,&quot;type&quot;:&quot;cta&quot;}}\" target=\"_blank\">Mon Actu<\/a>.<\/p>\n","protected":false},"excerpt":{"rendered":"Par Paul-Emile Bouchy Publi\u00e9 le 30 sept. 2025 \u00e0 17h20 ; mis \u00e0 jour le 30 sept. 2025&hellip;\n","protected":false},"author":2,"featured_media":428901,"comment_status":"","ping_status":"","sticky":false,"template":"","format":"standard","meta":{"footnotes":""},"categories":[9635],"tags":[1111,11,1777,674,1011,27,775,17056,1702,12,25,935,104],"class_list":{"0":"post-428900","1":"post","2":"type-post","3":"status-publish","4":"format-standard","5":"has-post-thumbnail","7":"category-nancy","8":"tag-actu","9":"tag-actualites","10":"tag-eu","11":"tag-europe","12":"tag-fr","13":"tag-france","14":"tag-grand-est","15":"tag-memorial-de-la-shoah","16":"tag-nancy","17":"tag-news","18":"tag-republique-francaise","19":"tag-seconde-guerre-mondiale","20":"tag-societe"},"share_on_mastodon":{"url":"https:\/\/pubeurope.com\/@fr\/115293944439402036","error":""},"_links":{"self":[{"href":"https:\/\/www.europesays.com\/fr\/wp-json\/wp\/v2\/posts\/428900","targetHints":{"allow":["GET"]}}],"collection":[{"href":"https:\/\/www.europesays.com\/fr\/wp-json\/wp\/v2\/posts"}],"about":[{"href":"https:\/\/www.europesays.com\/fr\/wp-json\/wp\/v2\/types\/post"}],"author":[{"embeddable":true,"href":"https:\/\/www.europesays.com\/fr\/wp-json\/wp\/v2\/users\/2"}],"replies":[{"embeddable":true,"href":"https:\/\/www.europesays.com\/fr\/wp-json\/wp\/v2\/comments?post=428900"}],"version-history":[{"count":0,"href":"https:\/\/www.europesays.com\/fr\/wp-json\/wp\/v2\/posts\/428900\/revisions"}],"wp:featuredmedia":[{"embeddable":true,"href":"https:\/\/www.europesays.com\/fr\/wp-json\/wp\/v2\/media\/428901"}],"wp:attachment":[{"href":"https:\/\/www.europesays.com\/fr\/wp-json\/wp\/v2\/media?parent=428900"}],"wp:term":[{"taxonomy":"category","embeddable":true,"href":"https:\/\/www.europesays.com\/fr\/wp-json\/wp\/v2\/categories?post=428900"},{"taxonomy":"post_tag","embeddable":true,"href":"https:\/\/www.europesays.com\/fr\/wp-json\/wp\/v2\/tags?post=428900"}],"curies":[{"name":"wp","href":"https:\/\/api.w.org\/{rel}","templated":true}]}}