{"id":428910,"date":"2025-09-30T15:29:09","date_gmt":"2025-09-30T15:29:09","guid":{"rendered":"https:\/\/www.europesays.com\/fr\/428910\/"},"modified":"2025-09-30T15:29:09","modified_gmt":"2025-09-30T15:29:09","slug":"apres-un-an-de-fermeture-la-celebre-creperie-de-la-tarte-tatin-rouvre-dans-le-centre-ville-de-rouen","status":"publish","type":"post","link":"https:\/\/www.europesays.com\/fr\/428910\/","title":{"rendered":"Apr\u00e8s un an de fermeture, la c\u00e9l\u00e8bre cr\u00eaperie de la Tarte Tatin rouvre dans le centre-ville de Rouen"},"content":{"rendered":"<p>            Par<br \/>\n        <strong><br \/>\n            <a href=\"https:\/\/actu.fr\/auteur\/thomas-rideau\" title=\"Consulter tous les articles de Thomas Rideau\" rel=\"nofollow noopener\" target=\"_blank\">Thomas Rideau<\/a><br \/>\n        <\/strong><\/p>\n<p>        Publi\u00e9 le<\/p>\n<p>            30 sept. 2025 \u00e0 17h08        <\/p>\n<p>La Tarte Tatin fait son retour \u00e0 <a href=\"https:\/\/actu.fr\/normandie\/rouen_76540\" rel=\"nofollow noopener\" target=\"_blank\">Rouen (Seine-Maritime)<\/a>. Apr\u00e8s un an de fermeture, l\u2019embl\u00e9matique cr\u00eaperie du centre-ville va rouvrir <strong>d\u00e9but octobre\u00a02025<\/strong>. Et \u00e0 sa t\u00eate, pas tout \u00e0 fait inconnu, car on retrouve, notamment, Philippe Robat, qui a \u00ab\u2009pass\u00e9 sa vie\u2009\u00bb dans cet \u00e9tablissement.<\/p>\n<p>La cr\u00eaperie va bient\u00f4t f\u00eater ses 40 ans<\/p>\n<p class=\" wall-content\">Nous sommes rue de la Vicomt\u00e9, en plein centre-ville de la capitale normande. La cr\u00eaperie de la Tarte Tatin<strong> est ouverte depuis 1987<\/strong>. Philippe Robat, qui a d\u00e9but\u00e9 comme serveur \u00e0 17\u00a0ans dans l\u2019\u00e9tablissement, va gravir les \u00e9chelons puis finalement racheter les lieux en 2008. Il les revend en 2023. Un an plus tard, malheureusement, la cr\u00eaperie met la cl\u00e9 sous la porte.<\/p>\n<p class=\" wall-content\">Le voil\u00e0 donc de nouveau aux affaires avec un associ\u00e9, Mickael Maneche. \u00ab\u2009C\u2019est Mickael qui est venu vers moi. Mais, j\u2019ai accept\u00e9 de<strong> relancer la machine<\/strong>\u2009!\u2009\u00bb \u00ab\u2009L\u00e0, \u00e7a faisait un an que c\u2019\u00e9tait ferm\u00e9, on a refait un vrai coup de propre, refait toute la peinture\u2009\u00bb, \u00e9num\u00e8re-t-il.<\/p>\n<p class=\" wall-content\">Mais, pour les habitu\u00e9s, pas de surprise\u2009: on est toujours \u00e0 la Tarte Tatin. \u00ab\u2009On essaie de garder<strong> l\u2019ambiance chaleureuse<\/strong>, avec la m\u00eame chose dans l\u2019assiette qu\u2019\u00e0 l\u2019\u00e9poque.\u2009\u00bb En modernisant le tout. \u00ab\u2009\u00c7a va \u00eatre la Tarte Tatin 2.0\u2009\u00bb sourit-il.<\/p>\n<p>Ouverture autour du 7 octobre<\/p>\n<p class=\" wall-content\">Le restaurant d\u2019une centaine de couverts va \u00eatre tenu par les deux g\u00e9rants accompagn\u00e9s de \u00ab\u2009huit ou neuf\u2009\u00bb employ\u00e9s. Il sera ouvert du mardi au samedi et le samedi en continu.<\/p>\n<blockquote class=\"ac-article-quote wall-content\">\n<p>La Tarte Tatin c&rsquo;est toute ma vie. J&rsquo;ai vu les clients grandir, les habitu\u00e9s revenir. Je rencontre parfois des couples qui me disent que leur premier rendez-vous c&rsquo;\u00e9tait ici<\/p>\n<p>    <strong>Philippe Robat<\/strong>\n            <\/p><\/blockquote>\n<p class=\" wall-content\">Il esp\u00e8re que son restaurant sera accessible \u00e0 tous. \u00ab\u2009Les cr\u00eapes, \u00e7a parle \u00e0 tout le monde. Des lyc\u00e9ens, <strong>des commer\u00e7ants<\/strong>, des avocats, des mamies avec les petits-enfants, la Tarte Tatin, c\u2019est pour tous.\u2009\u00bb Pour d\u00e9guster les cr\u00eapes de <strong>Philippe Robat<\/strong>, vous pouvez compter entre 9 et 15 euros. Et pour en profiter\u2009? Si tout se passe pour le mieux, les deux g\u00e9rants esp\u00e8rent ouvrir \u00e0 partir du 7 octobre.<\/p>\n<p>Votre r\u00e9gion, votre actu !<\/p>\n<p>Recevez chaque jour les infos qui comptent pour vous.<\/p>\n<p>\t<a href=\"https:\/\/actu.fr\/newsletter\" class=\"ac-btn ac-btn--corner ac-btn--medium ac-btn--blue800\" rel=\"nofollow noopener\" target=\"_blank\">S&rsquo;incrire<\/a><br \/>\nSuivez l\u2019actualit\u00e9 de Rouen <a href=\"https:\/\/www.whatsapp.com\/channel\/0029VaKfnf99hXF2ddApFB1D\" rel=\"nofollow noopener\" target=\"_blank\">sur notre cha\u00eene WhatsApp<\/a> et <a href=\"https:\/\/www.tiktok.com\/@76actu.fr?lang=fr\" rel=\"nofollow noopener\" target=\"_blank\">sur notre compte TikTok<\/a><\/p>\n<p class=\" wall-content\">Personnalisez votre actualit\u00e9 en ajoutant vos villes et m\u00e9dias en favori avec <a href=\"https:\/\/moncompte.actu.fr\" title=\"D\u00e9couvez Mon Actu\" rel=\"nofollow noopener\" data-trk=\"{&quot;cta&quot;:{&quot;action&quot;:&quot;https:\\\/\\\/moncompte.actu.fr&quot;,&quot;category&quot;:&quot;mon compte&quot;,&quot;from&quot;:&quot;article footer&quot;,&quot;name&quot;:&quot;Mon actu&quot;,&quot;type&quot;:&quot;cta&quot;}}\" target=\"_blank\">Mon Actu<\/a>.<\/p>\n<p>                    <script async src=\"\/\/www.tiktok.com\/embed.js\"><\/script><\/p>\n","protected":false},"excerpt":{"rendered":"Par Thomas Rideau Publi\u00e9 le 30 sept. 2025 \u00e0 17h08 La Tarte Tatin fait son retour \u00e0 Rouen&hellip;\n","protected":false},"author":2,"featured_media":428911,"comment_status":"","ping_status":"","sticky":false,"template":"","format":"standard","meta":{"footnotes":""},"categories":[9587],"tags":[1111,11,9086,1777,674,1011,27,1652,12,5161,25,1340,9590],"class_list":{"0":"post-428910","1":"post","2":"type-post","3":"status-publish","4":"format-standard","5":"has-post-thumbnail","7":"category-rouen","8":"tag-actu","9":"tag-actualites","10":"tag-bon-plan-a-rouen","11":"tag-eu","12":"tag-europe","13":"tag-fr","14":"tag-france","15":"tag-loisirs-culture","16":"tag-news","17":"tag-normandie","18":"tag-republique-francaise","19":"tag-restaurant","20":"tag-rouen"},"share_on_mastodon":{"url":"https:\/\/pubeurope.com\/@fr\/115293963274121493","error":""},"_links":{"self":[{"href":"https:\/\/www.europesays.com\/fr\/wp-json\/wp\/v2\/posts\/428910","targetHints":{"allow":["GET"]}}],"collection":[{"href":"https:\/\/www.europesays.com\/fr\/wp-json\/wp\/v2\/posts"}],"about":[{"href":"https:\/\/www.europesays.com\/fr\/wp-json\/wp\/v2\/types\/post"}],"author":[{"embeddable":true,"href":"https:\/\/www.europesays.com\/fr\/wp-json\/wp\/v2\/users\/2"}],"replies":[{"embeddable":true,"href":"https:\/\/www.europesays.com\/fr\/wp-json\/wp\/v2\/comments?post=428910"}],"version-history":[{"count":0,"href":"https:\/\/www.europesays.com\/fr\/wp-json\/wp\/v2\/posts\/428910\/revisions"}],"wp:featuredmedia":[{"embeddable":true,"href":"https:\/\/www.europesays.com\/fr\/wp-json\/wp\/v2\/media\/428911"}],"wp:attachment":[{"href":"https:\/\/www.europesays.com\/fr\/wp-json\/wp\/v2\/media?parent=428910"}],"wp:term":[{"taxonomy":"category","embeddable":true,"href":"https:\/\/www.europesays.com\/fr\/wp-json\/wp\/v2\/categories?post=428910"},{"taxonomy":"post_tag","embeddable":true,"href":"https:\/\/www.europesays.com\/fr\/wp-json\/wp\/v2\/tags?post=428910"}],"curies":[{"name":"wp","href":"https:\/\/api.w.org\/{rel}","templated":true}]}}