{"id":428912,"date":"2025-09-30T15:30:13","date_gmt":"2025-09-30T15:30:13","guid":{"rendered":"https:\/\/www.europesays.com\/fr\/428912\/"},"modified":"2025-09-30T15:30:13","modified_gmt":"2025-09-30T15:30:13","slug":"on-nous-balade","status":"publish","type":"post","link":"https:\/\/www.europesays.com\/fr\/428912\/","title":{"rendered":"\u00ab On nous balade \u00bb"},"content":{"rendered":"<p>            Par<br \/>\n        <strong><br \/>\n            <a href=\"https:\/\/actu.fr\/auteur\/adrien-filoche\" title=\"Consulter tous les articles de Adrien Filoche\" target=\"_blank\" rel=\"noopener\">Adrien Filoche<\/a><br \/>\n        <\/strong><\/p>\n<p>        Publi\u00e9 le<\/p>\n<p>            30 sept. 2025 \u00e0 16h07        <\/p>\n<p><strong>Ensemble pour faire valoir leurs revendications.<\/strong> Ce mardi 30\u00a0septembre 2025, les personnels des cliniques de l\u2019Europe et Mathilde \u00e0 <a href=\"https:\/\/actu.fr\/normandie\/rouen_76540\" target=\"_blank\" rel=\"noopener\">Rouen (Seine-Maritime)<\/a> ont manifest\u00e9 dans la matin\u00e9e \u00e0 la suite d\u2019un appel de l\u2019intersyndicale. Le mot d\u2019ordre est clair\u2009: <strong>des meilleurs salaires<\/strong>, une <strong>am\u00e9lioration des conditions de travail<\/strong> et <strong>davantage de reconnaissance<\/strong>. Ce mouvement de contestation nationale rassemble 52 cliniques appartenait au groupe Vivalto Sant\u00e9 dans toute la France, dont les deux de Rouen et celle de Saint-Antoine \u00e0 Bois-Guillaume.<\/p>\n<p>\u00ab\u2009Les conditions de travail se sont d\u00e9grad\u00e9es\u2009\u00bb<\/p>\n<p class=\" wall-content\">Vers 10\u00a0heures, ce mardi matin, les klaxons et la musique r\u00e9sonnaient aux alentours de la clinique Mathilde, o\u00f9 <strong>une centaine de manifestants<\/strong> s\u2019\u00e9taient r\u00e9unis. Malgr\u00e9 les sourires et l\u2019ambiance bon enfant, le constat g\u00e9n\u00e9ral est plus sombre.<\/p>\n<p class=\" wall-content\">\u00ab\u2009Ce ras-le-bol touche l\u2019ensemble des professions, tant les personnels administratifs que soignants\u2009\u00bb, insiste <strong>Philippe Tesson<\/strong>, infirmier et d\u00e9l\u00e9gu\u00e9 syndical CGT \u00e0 la clinique Mathilde. Le responsable syndical d\u00e9plore que \u00ab\u2009depuis plusieurs ann\u00e9es, on nous balade avec des primes. Mais ce qu\u2019on veut, c\u2019est une hausse p\u00e9renne des salaires\u2009\u00bb.<\/p>\n<p class=\" wall-content\">\n<p class=\" wall-content\">Selon lui, des primes d\u2019\u00c9tat ont pu \u00eatre accord\u00e9es, mais aucun geste du c\u00f4t\u00e9 de l\u2019employeur, \u00ab\u2009alors que l\u2019on sait qu\u2019ils font des profits\u2009\u00bb.<\/p>\n<p class=\" wall-content\">Dans la foule ce matin, Alexia et Charl\u00e8ne, infirmi\u00e8res depuis sept ans. Les deux coll\u00e8gues \u00e0 la clinique de l\u2019Europe pestent\u2009: \u00ab\u2009Les conditions de travail se sont d\u00e9grad\u00e9es ces derni\u00e8res ann\u00e9es.\u2009\u00bb Toutes deux d\u00e9plorent des <strong>manques de mat\u00e9riel<\/strong> et <strong>craignent pour la prise en charge des patients.<\/strong><\/p>\n<blockquote class=\"ac-article-quote wall-content\">\n<p>On fait du chiffre, et c&rsquo;est tout. La direction tire sur la corde, mais un moment, \u00e7a va casser.<\/p>\n<p>    <strong>Alexia,<\/strong><br \/>\n        infirmi\u00e8re depuis sept ans \u00e0 la clinique de l&rsquo;Europe    <\/p><\/blockquote>\n<p class=\" wall-content\">\u00c9galement dans le cort\u00e8ge, Laurine et Jessica, aides-soignantes depuis 4 et 9\u00a0ans, pointent du doigt un <strong>\u00ab\u2009manque de reconnaissance\u2009\u00bb<\/strong>, \u00ab\u2009on nous en demande toujours plus\u2009\u00bb. \u00c0 la suite de ce mouvement de contestation, les interventions ont \u00e9t\u00e9 d\u00e9programm\u00e9es ce mardi 30\u00a0septembre \u00e0 la clinique de l\u2019Europe de Rouen selon l\u2019intersyndicale.<\/p>\n<p><strong>Que dit la direction\u2009?<\/strong><\/p>\n<p class=\" wall-content\">\u00ab\u2009La direction respecte pleinement le droit de gr\u00e8ve et est \u00e0 l\u2019\u00e9coute des pr\u00e9occupations exprim\u00e9es par les \u00e9quipes\u2009\u00bb, s\u2019est exprim\u00e9 Ludovic Rebouillat, directeur g\u00e9n\u00e9ral des H\u00f4pitaux Priv\u00e9s Rouennais (HPR) \u2013 Europe.<\/p>\n<p>Votre r\u00e9gion, votre actu !<\/p>\n<p>Recevez chaque jour les infos qui comptent pour vous.<\/p>\n<p>\t<a href=\"https:\/\/actu.fr\/newsletter\" class=\"ac-btn ac-btn--corner ac-btn--medium ac-btn--blue800\" target=\"_blank\" rel=\"noopener\">S&rsquo;incrire<\/a><\/p>\n<p class=\" wall-content\">Vivalto Sant\u00e9 pr\u00e9cise aupr\u00e8s de 76actu que ces \u00e9l\u00e9ments de r\u00e9ponse s\u2019inscrivent \u00e9galement pour les deux autres \u00e9tablissements rouennais, m\u00eame si les directions sont ind\u00e9pendantes les unes des autres.<\/p>\n<blockquote class=\"ac-article-quote wall-content\">\n<p>Notre objectif est de pouvoir trouver avec nos partenaires sociaux des solutions adapt\u00e9es, dans un dialogue le plus ouvert et constructif possible.<\/p>\n<p>    <strong>Ludovic Rebouillat, <\/strong><br \/>\n        directeur g\u00e9n\u00e9ral des H\u00f4pitaux Priv\u00e9s Rouennais (HPR) &#8211; Europe.    <\/p><\/blockquote>\n<p class=\" wall-content\">Ludovic Rebouillat assure que le dialogue social est maintenu\u2009: \u00ab\u2009Nous restons disponibles pour \u00e9changer dans un esprit de s\u00e9r\u00e9nit\u00e9 et de responsabilit\u00e9. \u00c0 ce jour, les n\u00e9gociations annuelles obligatoires sont en cours.\u2009\u00bb<\/p>\n<p class=\" wall-content\">De son c\u00f4t\u00e9, Philippe Tesson, de la CGT, confie que \u00ab\u2009le dialogue est au point mort avec Vivalto. Il n\u2019y a aucune n\u00e9gociation\u2009\u00bb. M\u00eame constat pour Alexia\u2009: \u00ab\u2009Il y a eu un nouveau directeur, mais on ne le conna\u00eet m\u00eame pas. Il n\u2019y a aucun \u00e9change.\u2009\u00bb<\/p>\n<p>Suivez l\u2019actualit\u00e9 de Rouen sur <a href=\"https:\/\/www.whatsapp.com\/channel\/0029VaKfnf99hXF2ddApFB1D\" target=\"_blank\" rel=\"noopener\">notre cha\u00eene WhatsApp<\/a> et sur <a href=\"https:\/\/www.tiktok.com\/@76actu.fr?lang=fr\" target=\"_blank\" rel=\"noopener\">notre compte TikTok<\/a><\/p>\n<p class=\" wall-content\">Personnalisez votre actualit\u00e9 en ajoutant vos villes et m\u00e9dias en favori avec <a href=\"https:\/\/moncompte.actu.fr\" title=\"D\u00e9couvez Mon Actu\" rel=\"nofollow noopener\" data-trk=\"{&quot;cta&quot;:{&quot;action&quot;:&quot;https:\\\/\\\/moncompte.actu.fr&quot;,&quot;category&quot;:&quot;mon compte&quot;,&quot;from&quot;:&quot;article footer&quot;,&quot;name&quot;:&quot;Mon actu&quot;,&quot;type&quot;:&quot;cta&quot;}}\" target=\"_blank\">Mon Actu<\/a>.<\/p>\n<p>                    <script async src=\"\/\/www.tiktok.com\/embed.js\"><\/script><\/p>\n","protected":false},"excerpt":{"rendered":"Par Adrien Filoche Publi\u00e9 le 30 sept. 2025 \u00e0 16h07 Ensemble pour faire valoir leurs revendications. Ce mardi&hellip;\n","protected":false},"author":2,"featured_media":428913,"comment_status":"","ping_status":"","sticky":false,"template":"","format":"standard","meta":{"footnotes":""},"categories":[9587],"tags":[1111,11,1777,674,1011,27,1272,12,5161,25,9590,71,104],"class_list":{"0":"post-428912","1":"post","2":"type-post","3":"status-publish","4":"format-standard","5":"has-post-thumbnail","7":"category-rouen","8":"tag-actu","9":"tag-actualites","10":"tag-eu","11":"tag-europe","12":"tag-fr","13":"tag-france","14":"tag-manifestations","15":"tag-news","16":"tag-normandie","17":"tag-republique-francaise","18":"tag-rouen","19":"tag-sante","20":"tag-societe"},"share_on_mastodon":{"url":"https:\/\/pubeurope.com\/@fr\/115293967264710794","error":""},"_links":{"self":[{"href":"https:\/\/www.europesays.com\/fr\/wp-json\/wp\/v2\/posts\/428912","targetHints":{"allow":["GET"]}}],"collection":[{"href":"https:\/\/www.europesays.com\/fr\/wp-json\/wp\/v2\/posts"}],"about":[{"href":"https:\/\/www.europesays.com\/fr\/wp-json\/wp\/v2\/types\/post"}],"author":[{"embeddable":true,"href":"https:\/\/www.europesays.com\/fr\/wp-json\/wp\/v2\/users\/2"}],"replies":[{"embeddable":true,"href":"https:\/\/www.europesays.com\/fr\/wp-json\/wp\/v2\/comments?post=428912"}],"version-history":[{"count":0,"href":"https:\/\/www.europesays.com\/fr\/wp-json\/wp\/v2\/posts\/428912\/revisions"}],"wp:featuredmedia":[{"embeddable":true,"href":"https:\/\/www.europesays.com\/fr\/wp-json\/wp\/v2\/media\/428913"}],"wp:attachment":[{"href":"https:\/\/www.europesays.com\/fr\/wp-json\/wp\/v2\/media?parent=428912"}],"wp:term":[{"taxonomy":"category","embeddable":true,"href":"https:\/\/www.europesays.com\/fr\/wp-json\/wp\/v2\/categories?post=428912"},{"taxonomy":"post_tag","embeddable":true,"href":"https:\/\/www.europesays.com\/fr\/wp-json\/wp\/v2\/tags?post=428912"}],"curies":[{"name":"wp","href":"https:\/\/api.w.org\/{rel}","templated":true}]}}