{"id":428916,"date":"2025-09-30T15:32:14","date_gmt":"2025-09-30T15:32:14","guid":{"rendered":"https:\/\/www.europesays.com\/fr\/428916\/"},"modified":"2025-09-30T15:32:14","modified_gmt":"2025-09-30T15:32:14","slug":"pro-d2-les-joueurs-de-grenoble-en-greve-pour-le-match-face-a-provence-rugby","status":"publish","type":"post","link":"https:\/\/www.europesays.com\/fr\/428916\/","title":{"rendered":"Pro D2\u00a0: les joueurs de Grenoble en gr\u00e8ve pour le match face \u00e0 Provence Rugby\u00a0?"},"content":{"rendered":"<p>Dr\u00f4le d\u2019ambiance ce matin \u00e0 Grenoble lors de l\u2019entra\u00eenement matinal o\u00f9 les joueurs ont appris la mise \u00e0 pied de leur coach des lignes arri\u00e8res Nicolas Nadau. En guise de protestation, les Is\u00e9rois ont refus\u00e9 de s\u2019entra\u00eener alors que se profile le gros choc de la 6e\u00a0journ\u00e9e de Pro D2 au Stade des Alpes face \u00e0 <a href=\"https:\/\/www.laprovence.com\/article\/sports\/3165622341186914\/rugby-pro-d2-aix-se-rassure-un-peu-avec-un-bonus-sur-la-pelouse-de-dax\" target=\"_blank\" rel=\"noopener\">Provence Rugby.<\/a><\/p>\n<p>Alors pourquoi une telle ambiance au sein du FCG\u00a0? La direction du club\u00a0n\u2019a pas du tout appr\u00e9ci\u00e9 la sortie m\u00e9diatique de Nadau\u00a0\u00e0 l\u2019encontre du m\u00e9decin du club lors de la rencontre face \u00e0 Brive (24-21) la semaine derni\u00e8re\u00a0: \u00ab\u00a0Il faut lui dire, c\u2019est une faute professionnelle l\u00e0\u00a0! Mes cou***es putain\u00a0\u00bb\u00a0quand le pilier droit grenoblois, Johannes Jonker n\u2019avait pas pu revenir sur la pelouse\u00a0\u00e0 cause d\u2019un saignement au visage et que le staff m\u00e9dical a mis trop de temps \u00e0\u00a0soigner &#8211; plus de 15 minutes r\u00e9glementaires &#8211; apr\u00e8s la pose d\u2019agrafes.<\/p>\n<p>Des propos qui ne sont pas pass\u00e9s aux yeux du pr\u00e9sident Patrick Goffi\u00a0: \u00ab\u00a0J\u2019ai vu le rapport du m\u00e9decin de la LNR, il est tr\u00e8s clair et pr\u00e9cis sur les termes qui mettent en faute notre entra\u00eeneur. Il y est question de propos inadmissibles envers notre m\u00e9decin de club. Cela constitue une faute et le club a pris la d\u00e9cision d\u2019une mise \u00e0 pied \u00e0 titre conservatoire. Monsieur Nadau est convoqu\u00e9 et sera re\u00e7u en entretien vendredi. Il pourra alors s\u2019en expliquer.\u00a0\u00bb<\/p>\n<p>\u00ab\u00a0Qu&rsquo;ils fassent gr\u00e8ve ne changera rien\u00a0\u00bb<\/p>\n<p>Avant de rajouter suite au mouvement d\u2019humeur des joueurs ce matin\u00a0: \u00ab\u00a0Je les ai vus ce matin, je leur ai expliqu\u00e9 la situation. Et je le redis\u00a0: qu\u2019ils fassent gr\u00e8ve ne changera rien. C\u2019est m\u00eame contre-productif, cela va \u00e0 l\u2019encontre des int\u00e9r\u00eats qu\u2019ils veulent d\u00e9fendre.\u00a0Chacun assume ses responsabilit\u00e9s et ce ne sont pas les joueurs qui d\u00e9cident de ce genre de choses, que l\u2019on soit tr\u00e8s clair. Ils sont des adultes responsables, des professionnels, des joueurs. Leur responsabilit\u00e9, c\u2019est de jouer. La responsabilit\u00e9 du club est de leur mettre \u00e0 disposition une solution de remplacement. Mais menacer les instances dirigeantes d\u2019une gr\u00e8ve, ce n\u2019est pas la bonne chose \u00e0 faire pour qu\u2019une solution positive soit trouv\u00e9e \u00e0 cette situation, d\u2019abord dans l\u2019int\u00e9r\u00eat de Nicolas Nadau.\u00a0\u00bb<br \/>Les joueurs, eux, menacent de faire gr\u00e8ve pour la r\u00e9ception de Provence Rugby\u00a0vendredi soir. Ambiance.<\/p>\n","protected":false},"excerpt":{"rendered":"Dr\u00f4le d\u2019ambiance ce matin \u00e0 Grenoble lors de l\u2019entra\u00eenement matinal o\u00f9 les joueurs ont appris la mise \u00e0&hellip;\n","protected":false},"author":2,"featured_media":428917,"comment_status":"","ping_status":"","sticky":false,"template":"","format":"standard","meta":{"footnotes":""},"categories":[9566],"tags":[17,1111,11,2430,19826,1777,674,1011,27,2731,6151,4059,151,12,3788,25,479,60],"class_list":{"0":"post-428916","1":"post","2":"type-post","3":"status-publish","4":"format-standard","5":"has-post-thumbnail","7":"category-grenoble","8":"tag-17","9":"tag-actu","10":"tag-actualites","11":"tag-auvergne-rhone-alpes","12":"tag-d2","13":"tag-eu","14":"tag-europe","15":"tag-fr","16":"tag-france","17":"tag-grenoble","18":"tag-greve","19":"tag-joueurs","20":"tag-les","21":"tag-news","22":"tag-pro","23":"tag-republique-francaise","24":"tag-rugby","25":"tag-sports"},"share_on_mastodon":{"url":"https:\/\/pubeurope.com\/@fr\/115293975001975398","error":""},"_links":{"self":[{"href":"https:\/\/www.europesays.com\/fr\/wp-json\/wp\/v2\/posts\/428916","targetHints":{"allow":["GET"]}}],"collection":[{"href":"https:\/\/www.europesays.com\/fr\/wp-json\/wp\/v2\/posts"}],"about":[{"href":"https:\/\/www.europesays.com\/fr\/wp-json\/wp\/v2\/types\/post"}],"author":[{"embeddable":true,"href":"https:\/\/www.europesays.com\/fr\/wp-json\/wp\/v2\/users\/2"}],"replies":[{"embeddable":true,"href":"https:\/\/www.europesays.com\/fr\/wp-json\/wp\/v2\/comments?post=428916"}],"version-history":[{"count":0,"href":"https:\/\/www.europesays.com\/fr\/wp-json\/wp\/v2\/posts\/428916\/revisions"}],"wp:featuredmedia":[{"embeddable":true,"href":"https:\/\/www.europesays.com\/fr\/wp-json\/wp\/v2\/media\/428917"}],"wp:attachment":[{"href":"https:\/\/www.europesays.com\/fr\/wp-json\/wp\/v2\/media?parent=428916"}],"wp:term":[{"taxonomy":"category","embeddable":true,"href":"https:\/\/www.europesays.com\/fr\/wp-json\/wp\/v2\/categories?post=428916"},{"taxonomy":"post_tag","embeddable":true,"href":"https:\/\/www.europesays.com\/fr\/wp-json\/wp\/v2\/tags?post=428916"}],"curies":[{"name":"wp","href":"https:\/\/api.w.org\/{rel}","templated":true}]}}