{"id":428918,"date":"2025-09-30T15:33:11","date_gmt":"2025-09-30T15:33:11","guid":{"rendered":"https:\/\/www.europesays.com\/fr\/428918\/"},"modified":"2025-09-30T15:33:11","modified_gmt":"2025-09-30T15:33:11","slug":"nouvelle-fusillade-en-pleine-nuit-a-rennes-un-immeuble-vise-par-une-dizaine-de-coups-de-feu","status":"publish","type":"post","link":"https:\/\/www.europesays.com\/fr\/428918\/","title":{"rendered":"Nouvelle fusillade en pleine nuit \u00e0 Rennes\u00a0: un immeuble vis\u00e9 par une dizaine de coups de feu"},"content":{"rendered":"<p>La nuit de lundi \u00e0 mardi a de nouveau \u00e9t\u00e9 marqu\u00e9e par des tirs dans le quartier de Maurepas, \u00e0 Rennes. Entre 22h30 et 23h45, plusieurs coups de feu ont retenti \u00e0 proximit\u00e9 de l\u2019all\u00e9e de Brno, non loin d\u2019un point de deal bien connu.<\/p>\n<p>Une dizaine d\u2019impacts de balles ont \u00e9t\u00e9 relev\u00e9s sur la porte vitr\u00e9e d\u2019un immeuble situ\u00e9 au 6, all\u00e9e de Brno. Aucune victime n\u2019est \u00e0 d\u00e9plorer. Trois individus ont \u00e9t\u00e9 interpell\u00e9s par la police dans la nuit et plac\u00e9s en garde \u00e0 vue. Une enqu\u00eate a \u00e9t\u00e9 ouverte.<\/p>\n<p>Ce mardi, apr\u00e8s-midi, des dealers avaient d\u00e9j\u00e0 repris leur place autour de l\u2019immeuble vis\u00e9 par les tirs.<\/p>\n<p>Des tirs li\u00e9s au trafic de drogue<\/p>\n<p>Selon nos informations, la piste d\u2019un r\u00e8glement de comptes entre narcotrafiquants est privil\u00e9gi\u00e9e. Consid\u00e9r\u00e9 comme un lieu strat\u00e9gique et juteux pour le trafic de drogue, le secteur a d\u00e9j\u00e0 \u00e9t\u00e9 le th\u00e9\u00e2tre d\u2019affrontements violents par le pass\u00e9.<\/p>\n<p>Entre fin juillet et octobre 2024, neuf fusillades avaient \u00e9clat\u00e9 dans le quartier sur fond de guerre de territoire entre deux bandes rivales. Dont une laissant un enfant de 5 ans handicap\u00e9 \u00e0 vie.<\/p>\n<p>Une partie des trafiquants impliqu\u00e9s <a href=\"https:\/\/www.letelegramme.fr\/ille-et-vilaine\/rennes-35000\/fusillades-de-maurepas-a-rennes-8-ans-de-prison-pour-le-kosovar-qui-a-mene-une-guerre-pour-reprendre-un-point-de-deal-6755448.php\" target=\"_blank\" rel=\"noopener\">avait depuis \u00e9t\u00e9 incarc\u00e9r\u00e9e<\/a>. Si un bref retour au calme a pu \u00eatre observ\u00e9, les tensions semblent s\u2019\u00eatre raviv\u00e9es ces derni\u00e8res semaines. En ao\u00fbt, un homme avait \u00e9t\u00e9 tu\u00e9 \u00e0 l\u2019arme blanche pr\u00e8s du point de deal du Gros Ch\u00eane, \u00e0 peine \u00e0 quelques centaines de m\u00e8tres de l\u2019endroit des tirs de la nuit derni\u00e8re.<\/p>\n","protected":false},"excerpt":{"rendered":"La nuit de lundi \u00e0 mardi a de nouveau \u00e9t\u00e9 marqu\u00e9e par des tirs dans le quartier de&hellip;\n","protected":false},"author":2,"featured_media":428919,"comment_status":"","ping_status":"","sticky":false,"template":"","format":"standard","meta":{"footnotes":""},"categories":[2821],"tags":[1111,11,829,765,1777,674,118,3383,1011,27,848,12,16048,584,25],"class_list":{"0":"post-428918","1":"post","2":"type-post","3":"status-publish","4":"format-standard","5":"has-post-thumbnail","7":"category-rennes","8":"tag-actu","9":"tag-actualites","10":"tag-bretagne","11":"tag-en-continu","12":"tag-eu","13":"tag-europe","14":"tag-faits-divers","15":"tag-faits-divers-a-rennes","16":"tag-fr","17":"tag-france","18":"tag-ille-et-vilaine","19":"tag-news","20":"tag-newsletter-aujourdhui-en-bretagne","21":"tag-rennes","22":"tag-republique-francaise"},"share_on_mastodon":{"url":"https:\/\/pubeurope.com\/@fr\/115293978922043796","error":""},"_links":{"self":[{"href":"https:\/\/www.europesays.com\/fr\/wp-json\/wp\/v2\/posts\/428918","targetHints":{"allow":["GET"]}}],"collection":[{"href":"https:\/\/www.europesays.com\/fr\/wp-json\/wp\/v2\/posts"}],"about":[{"href":"https:\/\/www.europesays.com\/fr\/wp-json\/wp\/v2\/types\/post"}],"author":[{"embeddable":true,"href":"https:\/\/www.europesays.com\/fr\/wp-json\/wp\/v2\/users\/2"}],"replies":[{"embeddable":true,"href":"https:\/\/www.europesays.com\/fr\/wp-json\/wp\/v2\/comments?post=428918"}],"version-history":[{"count":0,"href":"https:\/\/www.europesays.com\/fr\/wp-json\/wp\/v2\/posts\/428918\/revisions"}],"wp:featuredmedia":[{"embeddable":true,"href":"https:\/\/www.europesays.com\/fr\/wp-json\/wp\/v2\/media\/428919"}],"wp:attachment":[{"href":"https:\/\/www.europesays.com\/fr\/wp-json\/wp\/v2\/media?parent=428918"}],"wp:term":[{"taxonomy":"category","embeddable":true,"href":"https:\/\/www.europesays.com\/fr\/wp-json\/wp\/v2\/categories?post=428918"},{"taxonomy":"post_tag","embeddable":true,"href":"https:\/\/www.europesays.com\/fr\/wp-json\/wp\/v2\/tags?post=428918"}],"curies":[{"name":"wp","href":"https:\/\/api.w.org\/{rel}","templated":true}]}}