{"id":428926,"date":"2025-09-30T15:37:15","date_gmt":"2025-09-30T15:37:15","guid":{"rendered":"https:\/\/www.europesays.com\/fr\/428926\/"},"modified":"2025-09-30T15:37:15","modified_gmt":"2025-09-30T15:37:15","slug":"barreau-de-nice-une-journee-exceptionnelle-sur-lamiable-dans-tous-ses","status":"publish","type":"post","link":"https:\/\/www.europesays.com\/fr\/428926\/","title":{"rendered":"Barreau de Nice : Une journ\u00e9e exceptionnelle sur \u00ab L\u2019amiable dans tous ses (\u2026)"},"content":{"rendered":"<p>                    <img loading=\"lazy\" decoding=\"async\" src=\"https:\/\/www.europesays.com\/fr\/wp-content\/uploads\/2025\/09\/6a993a155a6be312a40ac1019af132.png\" class=\"img-responsive post-image\" width=\"680\" height=\"510\" alt=\"Barreau de Nice : Une (\u2026)\" title=\"Barreau de Nice : Une journ\u00e9e exceptionnelle sur \u00ab L'amiable dans tous ses \u00e9tats \u00bb \"\/><\/p>\n<p class=\"chapo\">L\u2019amiable est aujourd\u2019hui au c\u0153ur des pratiques des professionnels du droit. L\u2019avocat y joue un r\u00f4le essentiel, en acteur de la pacification des conflits et de la recherche de solutions innovantes. C\u2019est dans cet esprit que le barreau de Nice accueillera le jeudi 27 novembre 2025 de 8h30 \u00e0 17h30 \u00e0 l\u2019H\u00f4tel Aston La Scala Nice, une journ\u00e9e de formation et de r\u00e9flexion intitul\u00e9e\u00a0: \u00ab\u00a0L\u2019amiable dans tous ses \u00e9tats\u00a0\u00bb.<\/p>\n<p><strong>Organis\u00e9 par l\u2019EDASE,<\/strong> cet \u00e9v\u00e9nement rassemblera de nombreux praticiens, magistrats, universitaires et experts de la m\u00e9diation. Il sera l\u2019occasion d\u2019explorer toutes les facettes de l\u2019amiable, ses m\u00e9canismes, ses enjeux pratiques et ses \u00e9volutions \u00e0 venir.<\/p>\n<p>Un programme riche et diversifi\u00e9<\/p>\n<p>La matin\u00e9e sera consacr\u00e9e aux grandes r\u00e9formes r\u00e9glementaires et \u00e0 la place de l\u2019amiable dans l\u2019\u00e9conomie du droit. Des intervenants prestigieux \u2013 parmi lesquels <strong>Mme\u00a0Nathalie Fricero<\/strong> (Conseil national de la m\u00e9diation), M.\u00a0le Premier Pr\u00e9sident<strong> R. Le Breton de Vannoise,<\/strong> <strong>Me Bertrand Deffains<\/strong> ou encore <strong>M.\u00a0le B\u00e2tonnier Emmanuel Brancaleoni<\/strong> \u2013 ouvriront les d\u00e9bats.<\/p>\n<p>L\u2019apr\u00e8s-midi donnera lieu \u00e0 deux <strong>s\u00e9quences d\u2019ateliers th\u00e9matiques<\/strong>, au choix\u00a0:<br class=\"autobr\"\/><br \/>\nLa n\u00e9gociation raisonn\u00e9e<br class=\"autobr\"\/><br \/>\nL\u2019amiable et l\u2019intelligence artificielle<br class=\"autobr\"\/><br \/>\nLes accords \u00e0 l\u2019amiable<br class=\"autobr\"\/><br \/>\nLes circuits proc\u00e9duraux de l\u2019amiable<br class=\"autobr\"\/><br \/>\nLa confidentialit\u00e9 dans l\u2019amiable<br class=\"autobr\"\/><br \/>\nL\u2019amiable, strat\u00e9gie de l\u2019entreprise<\/p>\n<p>Ces ateliers permettront aux participants d\u2019approfondir leurs comp\u00e9tences et d\u2019\u00e9changer sur des pratiques concr\u00e8tes, en lien avec les d\u00e9fis actuels de la profession.<\/p>\n<p>Une formation gratuite et ouverte \u00e0 tous les avocats<\/p>\n<p>La journ\u00e9e, valid\u00e9e au titre de la formation continue (7 heures), est gratuite pour tous les avocats, jeunes ou confirm\u00e9s. <a href=\"https:\/\/www.barreaudenice.com\/telechargements\/2025\/09\/Lamiable-dans-tous-ses-etats.pdf?utm_source=mailpoet&amp;utm_medium=email&amp;utm_source_platform=mailpoet&amp;utm_campaign=L%27amiable%20dans%20tous%20ses%20%C3%A9tats%20Jeudi%2027%20novembre%202025\" class=\"spip_out\" rel=\"external nofollow noopener\" target=\"_blank\">L\u2019inscription pr\u00e9alable est obligatoire<\/a> et doit \u00eatre effectu\u00e9e en ligne via le site de l\u2019EDASE (<a href=\"http:\/\/www.edase.fr\" class=\"spip_out\" rel=\"external nofollow noopener\" target=\"_blank\">www.edase.fr<\/a>).<\/p>\n<p>Plus qu\u2019une formation, cet \u00e9v\u00e9nement se veut un moment fort d\u2019\u00e9changes, d\u2019engagement et de r\u00e9flexion collective autour des modes amiables. L\u2019amiable est en pleine mutation\u00a0: c\u2019est l\u2019occasion pour chaque avocat de prendre toute sa place dans ce mouvement.<\/p>\n","protected":false},"excerpt":{"rendered":"L\u2019amiable est aujourd\u2019hui au c\u0153ur des pratiques des professionnels du droit. L\u2019avocat y joue un r\u00f4le essentiel, en&hellip;\n","protected":false},"author":2,"featured_media":428927,"comment_status":"","ping_status":"","sticky":false,"template":"","format":"standard","meta":{"footnotes":""},"categories":[2819],"tags":[1111,11,2408,1777,674,1011,27,12,2401,882,25],"class_list":{"0":"post-428926","1":"post","2":"type-post","3":"status-publish","4":"format-standard","5":"has-post-thumbnail","7":"category-nice","8":"tag-actu","9":"tag-actualites","10":"tag-appels-d","11":"tag-eu","12":"tag-europe","13":"tag-fr","14":"tag-france","15":"tag-news","16":"tag-nice","17":"tag-provence-alpes-cote-dazur","18":"tag-republique-francaise"},"share_on_mastodon":{"url":"https:\/\/pubeurope.com\/@fr\/115293995342054268","error":""},"_links":{"self":[{"href":"https:\/\/www.europesays.com\/fr\/wp-json\/wp\/v2\/posts\/428926","targetHints":{"allow":["GET"]}}],"collection":[{"href":"https:\/\/www.europesays.com\/fr\/wp-json\/wp\/v2\/posts"}],"about":[{"href":"https:\/\/www.europesays.com\/fr\/wp-json\/wp\/v2\/types\/post"}],"author":[{"embeddable":true,"href":"https:\/\/www.europesays.com\/fr\/wp-json\/wp\/v2\/users\/2"}],"replies":[{"embeddable":true,"href":"https:\/\/www.europesays.com\/fr\/wp-json\/wp\/v2\/comments?post=428926"}],"version-history":[{"count":0,"href":"https:\/\/www.europesays.com\/fr\/wp-json\/wp\/v2\/posts\/428926\/revisions"}],"wp:featuredmedia":[{"embeddable":true,"href":"https:\/\/www.europesays.com\/fr\/wp-json\/wp\/v2\/media\/428927"}],"wp:attachment":[{"href":"https:\/\/www.europesays.com\/fr\/wp-json\/wp\/v2\/media?parent=428926"}],"wp:term":[{"taxonomy":"category","embeddable":true,"href":"https:\/\/www.europesays.com\/fr\/wp-json\/wp\/v2\/categories?post=428926"},{"taxonomy":"post_tag","embeddable":true,"href":"https:\/\/www.europesays.com\/fr\/wp-json\/wp\/v2\/tags?post=428926"}],"curies":[{"name":"wp","href":"https:\/\/api.w.org\/{rel}","templated":true}]}}