{"id":428934,"date":"2025-09-30T15:41:11","date_gmt":"2025-09-30T15:41:11","guid":{"rendered":"https:\/\/www.europesays.com\/fr\/428934\/"},"modified":"2025-09-30T15:41:11","modified_gmt":"2025-09-30T15:41:11","slug":"cette-bordelaise-participe-a-un-concours-europeen-de-slam","status":"publish","type":"post","link":"https:\/\/www.europesays.com\/fr\/428934\/","title":{"rendered":"cette Bordelaise participe \u00e0 un concours europ\u00e9en de slam"},"content":{"rendered":"<p>Pour les habitu\u00e9s des lieux bordelais o\u00f9 se pratique l\u2019art du slam, Rosette Laplanche, plus connue sous son simple pr\u00e9nom, est une battante. Native d\u2019Ha\u00efti, elle a grandi en Agenais, avant de rejoindre Bordeaux en 2021 et le quartier Saint-Michel.<\/p>\n<p>D\u00e8s l\u2019\u00e2ge de six ans, les pages de ses cahiers d\u2019\u00e9cole se remplissent de textes po\u00e9tiques, de nouvelles, de bandes dessin\u00e9es\u2026 Pendant tout son cursus scolaire et encore aujourd\u2019hui, cette passion pour l\u2019\u00e9criture ne l\u2019a jamais quitt\u00e9e. En parall\u00e8le, pendant sept ans, elle pratique le th\u00e9\u00e2tre dans une troupe amateur.<\/p>\n<p>Munie d\u2019un dipl\u00f4me d\u2019enseignante en anglais, elle se rend vite compte que ce monde ne lui convient pas et se dirige vers une formation d\u2019\u00e9ducatrice sp\u00e9cialis\u00e9e. Son r\u00eave de s\u2019investir autour des mots est toujours omnipr\u00e9sent. C\u2019est ainsi que d\u00e9but 2025, tout \u00e0 fait par hasard, elle d\u00e9couvre un atelier de slam \u00e0 Bordeaux et ce fut la r\u00e9v\u00e9lation.<\/p>\n<p>Championne de France<\/p>\n<p>Tout s\u2019encha\u00eene tr\u00e8s vite, elle s\u2019inscrit \u00e0 un concours r\u00e9gional puis elle devient championne de France au concours organis\u00e9 par la Ligue nationale de slam. \u00ab\u00a0Je peux faire encore mieux que \u00e7a\u00a0\u00bb, confie Rosette Laplanche qui s\u2019est inscrite \u00e0 l\u2019Europe Slam, concours organis\u00e9 \u00e0 Berlin du 15 au 19\u00a0octobre o\u00f9 vingt pays seront repr\u00e9sent\u00e9s.<\/p>\n<p>Rosette Laplanche offrira un texte intitul\u00e9 \u00ab\u00a0Ha\u00efti ch\u00e9rie\u00a0\u00bb qui raconte d\u2019une mani\u00e8re implicite, sa terre, son d\u00e9racinement et son appartenance. Si elle parvient \u00e0 \u00eatre dans les dix premiers, elle s\u2019envolera vers l\u2019Afrique du Sud pour la Coupe du monde. \u00ab\u00a0Ces performances m\u2019apportent des tr\u00e9sors, le slam nourrit mon quotidien. La fougue m\u2019oblige \u00e0 me d\u00e9passer. Si je gagne cette r\u00e9compense ultime qu\u2019est-ce qu\u2019il me reste apr\u00e8s, comme concours\u00a0?\u00a0\u00bb dit elle avec humour. En attendant, elle continue \u00e0 s\u2019investir et \u00e0 partager sa passion du slam dans des structures et animations locales.<\/p>\n","protected":false},"excerpt":{"rendered":"Pour les habitu\u00e9s des lieux bordelais o\u00f9 se pratique l\u2019art du slam, Rosette Laplanche, plus connue sous son&hellip;\n","protected":false},"author":2,"featured_media":428935,"comment_status":"","ping_status":"","sticky":false,"template":"","format":"standard","meta":{"footnotes":""},"categories":[2817],"tags":[1111,11,1997,1777,674,1011,27,12,2219,25],"class_list":{"0":"post-428934","1":"post","2":"type-post","3":"status-publish","4":"format-standard","5":"has-post-thumbnail","7":"category-bordeaux","8":"tag-actu","9":"tag-actualites","10":"tag-bordeaux","11":"tag-eu","12":"tag-europe","13":"tag-fr","14":"tag-france","15":"tag-news","16":"tag-nouvelle-aquitaine","17":"tag-republique-francaise"},"share_on_mastodon":{"url":"https:\/\/pubeurope.com\/@fr\/115294010461678679","error":""},"_links":{"self":[{"href":"https:\/\/www.europesays.com\/fr\/wp-json\/wp\/v2\/posts\/428934","targetHints":{"allow":["GET"]}}],"collection":[{"href":"https:\/\/www.europesays.com\/fr\/wp-json\/wp\/v2\/posts"}],"about":[{"href":"https:\/\/www.europesays.com\/fr\/wp-json\/wp\/v2\/types\/post"}],"author":[{"embeddable":true,"href":"https:\/\/www.europesays.com\/fr\/wp-json\/wp\/v2\/users\/2"}],"replies":[{"embeddable":true,"href":"https:\/\/www.europesays.com\/fr\/wp-json\/wp\/v2\/comments?post=428934"}],"version-history":[{"count":0,"href":"https:\/\/www.europesays.com\/fr\/wp-json\/wp\/v2\/posts\/428934\/revisions"}],"wp:featuredmedia":[{"embeddable":true,"href":"https:\/\/www.europesays.com\/fr\/wp-json\/wp\/v2\/media\/428935"}],"wp:attachment":[{"href":"https:\/\/www.europesays.com\/fr\/wp-json\/wp\/v2\/media?parent=428934"}],"wp:term":[{"taxonomy":"category","embeddable":true,"href":"https:\/\/www.europesays.com\/fr\/wp-json\/wp\/v2\/categories?post=428934"},{"taxonomy":"post_tag","embeddable":true,"href":"https:\/\/www.europesays.com\/fr\/wp-json\/wp\/v2\/tags?post=428934"}],"curies":[{"name":"wp","href":"https:\/\/api.w.org\/{rel}","templated":true}]}}