{"id":428946,"date":"2025-09-30T15:47:11","date_gmt":"2025-09-30T15:47:11","guid":{"rendered":"https:\/\/www.europesays.com\/fr\/428946\/"},"modified":"2025-09-30T15:47:11","modified_gmt":"2025-09-30T15:47:11","slug":"de-nouvelles-epiceries-solidaires-pour-les-etudiants-sur-les-campus-marseillais","status":"publish","type":"post","link":"https:\/\/www.europesays.com\/fr\/428946\/","title":{"rendered":"De nouvelles \u00e9piceries solidaires pour les \u00e9tudiants sur les campus marseillais"},"content":{"rendered":"<p>Des rayons bien rang\u00e9s, des prix cass\u00e9s et des files d\u2019attente organis\u00e9es. De nouvelles <a href=\"https:\/\/www.laprovence.com\/videos\/le-18-18-marseille-une-picerie-solidaire-face-la-grande-prcarit-des-tudiants\/35H_W-izuQE?amp\" target=\"_blank\" rel=\"noopener\">\u00e9piceries solidaires<\/a> vont ouvrir sur les campus d\u2019Aix-Marseille Universit\u00e9 (AMU). Apr\u00e8s un appel d\u2019offres lanc\u00e9 en juin, quatre nouveaux magasins vont bient\u00f4t ouvrir\u00a0: sur le campus de<strong>\u00a0<\/strong>Saint-Charles (3e), \u00e0 la Timone, \u00e0 la facult\u00e9 de pharmacie (5e), sur le campus de Luminy (9e) et \u00e0 l\u2019IUT Saint-J\u00e9r\u00f4me (13e).<\/p>\n<p>\u00ab\u00a0Elles ont pour objectif de donner ou de vendre une alimentation s\u00fbre, diversifi\u00e9e, de bonne qualit\u00e9 afin de participer \u00e0 la <a href=\"https:\/\/www.laprovence.com\/article\/region\/28824730067407\/precarite-alimentaire-des-etudiants-a-marseille-une-semaine-de-repas-gratuits-dans-les-restos-u\" target=\"_blank\" rel=\"noopener\">bonne sant\u00e9 des \u00e9tudiants par l\u2019alimentation<\/a>\u00ab\u00a0, pr\u00e9cise <a href=\"https:\/\/www.laprovence.com\/article\/societe\/12035260976887\/universite-aix-marseille-un-etat-qui-n-investit-pas-dans-sa-jeunesse-va-dans-le-mur-previent-eric-berton\" target=\"_blank\" rel=\"noopener\">\u00c9ric Berton, le pr\u00e9sident d\u2019AMU<\/a>.<\/p>\n<p>Des produits entre 10 et 30% du prix du march\u00e9<\/p>\n<p>Plus de choix dans les produits, des boutiques ouvertes plusieurs fois par semaine, les \u00e9piceries solidaires ont de quoi s\u00e9duire. Pourtant, leur arriv\u00e9e ne fait pas l\u2019unanimit\u00e9 sur le parvis du campus Saint-Charles. \u00ab\u00a0Le probl\u00e8me, c\u2019est que le mod\u00e8le de l\u2019\u00e9picerie est tr\u00e8s diff\u00e9rent de celui de la distribution\u00a0\u00bb, pointe Lyes Belhadj, pr\u00e9sident de l\u2019association de solidarit\u00e9 \u00e9tudiante Solid\u2019AM.<\/p>\n<p>Gr\u00e2ce aux associations comme Solid\u2019AM, les \u00e9tudiants peuvent obtenir, pour 2\u00a0euros, un panier compos\u00e9 de fruits, l\u00e9gumes, produits d\u2019hygi\u00e8ne et d\u2019entretien, lors de distributions organis\u00e9es chaque semaine. Tandis que les \u00e9piceries solidaires, mises en place en\u00a02019, proposent un choix plus large de produits alimentaires et hygi\u00e9niques entre 10 \u00e0 30% du prix du march\u00e9.<\/p>\n<p>Des \u00e9tudiants mitig\u00e9s<\/p>\n<p>Plusieurs associations \u00e9tudiantes regrettent que leurs distributions alimentaires n\u2019aient pas re\u00e7u d\u2019autorisation sur les campus o\u00f9 des \u00e9piceries solidaires vont ouvrir leurs portes. Une position contest\u00e9e par la direction d\u2019AMU\u00a0: \u00ab\u00a0C\u2019est faux. Elles sont non seulement autoris\u00e9es par AMU mais elles sont encourag\u00e9es et en grande partie financ\u00e9es par l\u2019\u00e9tablissement. Toutefois, elles ont \u00e9t\u00e9 soumises au respect de certaines r\u00e8gles, qui n\u2019ont pas \u00e9t\u00e9 respect\u00e9es par l\u2019une des deux associations \u00e9tudiantes distributrices.\u00a0\u00bb<\/p>\n<p>Alors que la premi\u00e8re \u00e9picerie solidaire devrait ouvrir ses portes sur le campus Saint-Charles le 16 octobre prochain, Camille, \u00e9tudiante en sciences, s\u2019inqui\u00e8te : \u00ab\u00a0Entre un panier \u00e0 10-20\u00a0euros et une distribution \u00e0 2\u00a0euros, le choix est vite fait. \u00c7a handicape toujours un peu plus les personnes pr\u00e9caires.\u00a0\u00bb \u00ab\u00a0Et cela ajoute de la pr\u00e9carit\u00e9 \u00e0 la pr\u00e9carit\u00e9\u00a0\u00bb, rench\u00e9rit Martha, en master. Mais, Rosalie, en premi\u00e8re ann\u00e9e de m\u00e9decine \u00e0 19\u00a0ans, pense, de son c\u00f4t\u00e9, que \u00ab\u00a0c\u2019est peut-\u00eatre plus agr\u00e9able de pouvoir choisir ses produits comme dans un vrai supermarch\u00e9, plut\u00f4t que de r\u00e9cup\u00e9rer des aliments que l\u2019on n\u2019aime pas forc\u00e9ment et qu\u2019on ne consomme pas toujours\u00a0\u00bb.<\/p>\n","protected":false},"excerpt":{"rendered":"Des rayons bien rang\u00e9s, des prix cass\u00e9s et des files d\u2019attente organis\u00e9es. De nouvelles \u00e9piceries solidaires vont ouvrir&hellip;\n","protected":false},"author":2,"featured_media":428947,"comment_status":"","ping_status":"","sticky":false,"template":"","format":"standard","meta":{"footnotes":""},"categories":[2814],"tags":[17,1111,11,12006,6379,1777,674,1011,27,151,884,12,1113,471,882,16,25,11665,3356],"class_list":{"0":"post-428946","1":"post","2":"type-post","3":"status-publish","4":"format-standard","5":"has-post-thumbnail","7":"category-marseille","8":"tag-17","9":"tag-actu","10":"tag-actualites","11":"tag-epiceries","12":"tag-etudiants","13":"tag-eu","14":"tag-europe","15":"tag-fr","16":"tag-france","17":"tag-les","18":"tag-marseille","19":"tag-news","20":"tag-nouvelles","21":"tag-pour","22":"tag-provence-alpes-cote-dazur","23":"tag-region","24":"tag-republique-francaise","25":"tag-solidaires","26":"tag-sur"},"share_on_mastodon":{"url":"https:\/\/pubeurope.com\/@fr\/115294034111033219","error":""},"_links":{"self":[{"href":"https:\/\/www.europesays.com\/fr\/wp-json\/wp\/v2\/posts\/428946","targetHints":{"allow":["GET"]}}],"collection":[{"href":"https:\/\/www.europesays.com\/fr\/wp-json\/wp\/v2\/posts"}],"about":[{"href":"https:\/\/www.europesays.com\/fr\/wp-json\/wp\/v2\/types\/post"}],"author":[{"embeddable":true,"href":"https:\/\/www.europesays.com\/fr\/wp-json\/wp\/v2\/users\/2"}],"replies":[{"embeddable":true,"href":"https:\/\/www.europesays.com\/fr\/wp-json\/wp\/v2\/comments?post=428946"}],"version-history":[{"count":0,"href":"https:\/\/www.europesays.com\/fr\/wp-json\/wp\/v2\/posts\/428946\/revisions"}],"wp:featuredmedia":[{"embeddable":true,"href":"https:\/\/www.europesays.com\/fr\/wp-json\/wp\/v2\/media\/428947"}],"wp:attachment":[{"href":"https:\/\/www.europesays.com\/fr\/wp-json\/wp\/v2\/media?parent=428946"}],"wp:term":[{"taxonomy":"category","embeddable":true,"href":"https:\/\/www.europesays.com\/fr\/wp-json\/wp\/v2\/categories?post=428946"},{"taxonomy":"post_tag","embeddable":true,"href":"https:\/\/www.europesays.com\/fr\/wp-json\/wp\/v2\/tags?post=428946"}],"curies":[{"name":"wp","href":"https:\/\/api.w.org\/{rel}","templated":true}]}}