{"id":428950,"date":"2025-09-30T15:49:14","date_gmt":"2025-09-30T15:49:14","guid":{"rendered":"https:\/\/www.europesays.com\/fr\/428950\/"},"modified":"2025-09-30T15:49:14","modified_gmt":"2025-09-30T15:49:14","slug":"rhone-ce-reseau-lyonnais-de-femmes-dirigeantes-organise-un-premier-evenement-sur-le-theme-de-la-performance","status":"publish","type":"post","link":"https:\/\/www.europesays.com\/fr\/428950\/","title":{"rendered":"Rh\u00f4ne. Ce r\u00e9seau lyonnais de femmes dirigeantes organise un premier \u00e9v\u00e9nement sur le th\u00e8me de la performance"},"content":{"rendered":"<p>\u00c0 l\u2019initiative de l\u2019association Elles on Board qui r\u00e9unit plus de soixante femmes dirigeantes et administratrices issues de tous secteurs d\u2019activit\u00e9, 250 dirigeants et dirigeantes se r\u00e9uniront le 6\u00a0octobre prochain \u00e0 18 heures dans les salons de l\u2019H\u00f4tel du D\u00e9partement pour r\u00e9pondre \u00e0 la question \u00ab\u00a0Et si la performance changeait de visage\u00a0?\u00a0\u00bb<\/p>\n<p>Cette r\u00e9flexion collective portera sur les nouveaux visages de la performance que sont le leadership responsable, la diversit\u00e9, l\u2019impact, l\u2019innovation sociale.<\/p>\n<p>  \u00ab\u00a0\u00c9quilibrer la repr\u00e9sentation des femmes dans les conseils d\u2019administration\u00a0\u00bb<\/p>\n<p>\u00ab\u00a0\u00c0 travers cette rencontre \u00e0 laquelle participeront des intervenants de haut niveau, nous voulons d\u00e9montrer que la diversit\u00e9 et le leadership sont des leviers essentiels pour r\u00e9inventer la gouvernance et construire une performance durable\u00a0\u00bb, souligne la pr\u00e9sidente Vanessa Girardet.<\/p>\n<p>Rappelons qu\u2019Elles on Board, cr\u00e9\u00e9e en en d\u00e9but d\u2019ann\u00e9e, est un r\u00e9seau qui agit pour assurer, explique la pr\u00e9sidente, \u00ab\u00a0une repr\u00e9sentation \u00e9quilibr\u00e9e des femmes et des hommes au sein des conseils d\u2019administration, des comit\u00e9s ex\u00e9cutifs et de direction, condition essentielle pour b\u00e2tir une soci\u00e9t\u00e9 plus innovante, performante et juste\u00a0\u00bb.<\/p>\n","protected":false},"excerpt":{"rendered":"\u00c0 l\u2019initiative de l\u2019association Elles on Board qui r\u00e9unit plus de soixante femmes dirigeantes et administratrices issues de&hellip;\n","protected":false},"author":2,"featured_media":428951,"comment_status":"","ping_status":"","sticky":false,"template":"","format":"standard","meta":{"footnotes":""},"categories":[1889],"tags":[1111,11,2430,33,2757,1777,674,1011,27,2428,12,25,2429],"class_list":{"0":"post-428950","1":"post","2":"type-post","3":"status-publish","4":"format-standard","5":"has-post-thumbnail","7":"category-lyon","8":"tag-actu","9":"tag-actualites","10":"tag-auvergne-rhone-alpes","11":"tag-economie","12":"tag-edition-lyon-villeurbanne","13":"tag-eu","14":"tag-europe","15":"tag-fr","16":"tag-france","17":"tag-lyon","18":"tag-news","19":"tag-republique-francaise","20":"tag-rhone"},"share_on_mastodon":{"url":"https:\/\/pubeurope.com\/@fr\/115294041972597217","error":""},"_links":{"self":[{"href":"https:\/\/www.europesays.com\/fr\/wp-json\/wp\/v2\/posts\/428950","targetHints":{"allow":["GET"]}}],"collection":[{"href":"https:\/\/www.europesays.com\/fr\/wp-json\/wp\/v2\/posts"}],"about":[{"href":"https:\/\/www.europesays.com\/fr\/wp-json\/wp\/v2\/types\/post"}],"author":[{"embeddable":true,"href":"https:\/\/www.europesays.com\/fr\/wp-json\/wp\/v2\/users\/2"}],"replies":[{"embeddable":true,"href":"https:\/\/www.europesays.com\/fr\/wp-json\/wp\/v2\/comments?post=428950"}],"version-history":[{"count":0,"href":"https:\/\/www.europesays.com\/fr\/wp-json\/wp\/v2\/posts\/428950\/revisions"}],"wp:featuredmedia":[{"embeddable":true,"href":"https:\/\/www.europesays.com\/fr\/wp-json\/wp\/v2\/media\/428951"}],"wp:attachment":[{"href":"https:\/\/www.europesays.com\/fr\/wp-json\/wp\/v2\/media?parent=428950"}],"wp:term":[{"taxonomy":"category","embeddable":true,"href":"https:\/\/www.europesays.com\/fr\/wp-json\/wp\/v2\/categories?post=428950"},{"taxonomy":"post_tag","embeddable":true,"href":"https:\/\/www.europesays.com\/fr\/wp-json\/wp\/v2\/tags?post=428950"}],"curies":[{"name":"wp","href":"https:\/\/api.w.org\/{rel}","templated":true}]}}