{"id":428956,"date":"2025-09-30T15:53:10","date_gmt":"2025-09-30T15:53:10","guid":{"rendered":"https:\/\/www.europesays.com\/fr\/428956\/"},"modified":"2025-09-30T15:53:10","modified_gmt":"2025-09-30T15:53:10","slug":"accuse-de-viols-et-dagressions-sexuelles-le-psychanalyste-gerard-miller-place-en-garde-a-vue-a-paris","status":"publish","type":"post","link":"https:\/\/www.europesays.com\/fr\/428956\/","title":{"rendered":"Accus\u00e9 de viols et d&rsquo;agressions sexuelles, le psychanalyste G\u00e9rard Miller plac\u00e9 en garde \u00e0 vue \u00e0 Paris"},"content":{"rendered":"<p>            Par<br \/>\n        <strong><br \/>\n            <a href=\"https:\/\/actu.fr\/auteur\/redaction-paris\" title=\"Consulter tous les articles de R\u00e9daction Paris\" target=\"_blank\" rel=\"noopener\">R\u00e9daction Paris<\/a><br \/>\n        <\/strong><\/p>\n<p>        Publi\u00e9 le<\/p>\n<p>            30 sept. 2025 \u00e0 17h47        <\/p>\n<p>Le <a href=\"https:\/\/actu.fr\/ile-de-france\/paris_75056\/on-me-decrit-de-fait-comme-coupable-accuse-de-viols-gerard-miller-deplore-de-ne-pas-pouvoir-se-defendre_62463958.html\" target=\"_blank\" rel=\"noopener\">psychanalyste G\u00e9rard Miller<\/a> a \u00e9t\u00e9 plac\u00e9 en garde \u00e0 vue mardi 30\u00a0septembre 2025 dans l\u2019enqu\u00eate ouverte en f\u00e9vrier\u00a02024 \u00e0 <a href=\"https:\/\/actu.fr\/paris\/\" target=\"_blank\" rel=\"noopener\">Paris<\/a> apr\u00e8s des<strong> plaintes de femmes l\u2019accusant de viols et agressions sexuelles<\/strong>, a indiqu\u00e9 une source proche du dossier, confirmant une information du <a href=\"https:\/\/www.leparisien.fr\/faits-divers\/le-psychanalyste-star-gerard-miller-place-en-garde-a-vue-pour-viols-et-agressions-sexuelles-30-09-2025-DOYFT6467JETDLOBKII5AH4BOE.php\" target=\"_blank\" rel=\"noopener\">Parisien<\/a> et <a href=\"https:\/\/www.mediapart.fr\/journal\/france\/300925\/accuse-de-violences-sexuelles-gerard-miller-est-place-en-garde-vue\" target=\"_blank\" rel=\"noopener\">Mediapart<\/a>. Plusieurs femmes, dont des mineures, avaient d\u00e9nonc\u00e9 \u00e0 la justice des <strong>violences sexuelles ayant eu lieu au cours de s\u00e9ances d\u2019hypnose<\/strong>, \u00e0 son cabinet ou \u00e0 son domicile.<\/p>\n<p>\u00ab\u2009Je ne peux plus bouger. Je suis une poup\u00e9e qu\u2019on d\u00e9shabille\u00a0\u00bb<\/p>\n<p class=\" wall-content wall-content\">G\u00e9rard Miller, chroniqueur r\u00e9gulier d\u2019\u00e9missions de radio et de t\u00e9l\u00e9vision, est mis en cause pour des faits allant <strong>du comportement d\u00e9plac\u00e9 aux violences sexuelles<\/strong> par plus d\u2019une cinquantaine de femmes, d\u2019apr\u00e8s <a href=\"https:\/\/www.elle.fr\/Societe\/Les-enquetes\/Enquete-ELLE-le-psychanalyste-Gerard-Miller-accuse-de-viol-et-d-agressions-sexuelles-sous-hypnose-4198567\" target=\"_blank\" rel=\"noopener\">Elle<\/a> et <a href=\"https:\/\/www.mediapart.fr\/journal\/france\/230224\/affaire-gerard-miller-une-enquete-preliminaire-ouverte\" target=\"_blank\" rel=\"noopener\">Mediapart<\/a>.<\/p>\n<p class=\" wall-content wall-content\">Le magazine\u00a0Elle\u00a0a d\u00e9voil\u00e9 les premi\u00e8res accusations, notamment\u00a0celles de viol formul\u00e9es par une femme, identifi\u00e9e sous le pr\u00e9nom de Mathilde, lors d\u2019une s\u00e9ance d\u2019hypnose en 2004 lorsqu\u2019elle \u00e9tait \u00e2g\u00e9e de 19\u00a0ans, apr\u00e8s avoir assist\u00e9 \u00e0 une \u00e9mission \u00e0 laquelle le psychanalyste participait.<\/p>\n<p class=\" wall-content wall-content\">\u00ab\u2009Je ne peux plus bouger. Je suis une poup\u00e9e qu\u2019on d\u00e9shabille et \u00e0 qui l\u2019on peut faire ce que l\u2019on veut\u2009\u00bb, a-t-elle t\u00e9moign\u00e9. Cette femme a d\u00e9pos\u00e9 plainte.\u00a0<\/p>\n<p class=\" wall-content wall-content\">Juliette (pr\u00e9nom modifi\u00e9) a d\u00e9pos\u00e9 plainte le 6\u00a0f\u00e9vrier, selon\u00a0Mediapart. Aupr\u00e8s du site d\u2019investigation, elle a accus\u00e9 G\u00e9rard Miller, son professeur de psychanalyse \u00e0 l\u2019universit\u00e9 de Paris 8, de l\u2019avoir embrass\u00e9e par surprise en 1995 alors qu\u2019elle avait 21\u00a0ans.<\/p>\n<p class=\" wall-content wall-content\">Aude G. a accus\u00e9 le psychanalyste de l\u2019avoir viol\u00e9e fin 2001, <strong>elle avait 17\u00a0ans et lui 53<\/strong>. Elle a d\u00e9pos\u00e9 une plainte r\u00e9v\u00e9l\u00e9e par le journal Le Parisien\u00a0et dont l\u2018AFP\u00a0a eu connaissance.<\/p>\n<p class=\" wall-content wall-content\">Charlotte a port\u00e9 plainte, elle, le 16\u00a0f\u00e9vrier pour une agression sexuelle au domicile de G\u00e9rard Miller en 2001. Selon son r\u00e9cit dans\u00a0Elle, la plaignante a rencontr\u00e9, \u00e0 15\u00a0ans, G\u00e9rard Miller lors du tournage de l\u2019\u00e9mission \u00ab\u2009On a tout essay\u00e9\u2009\u00bb.<\/p>\n<p class=\" wall-content wall-content\">Romane (pr\u00e9nom modifi\u00e9) a d\u00e9pos\u00e9 plainte, d\u00e9non\u00e7ant une agression sexuelle en mai 2003, alors qu\u2019elle avait 19 ans, au domicile de G\u00e9rard Miller, o\u00f9 elle se serait retrouv\u00e9e selon son t\u00e9moignage \u00e0 Elle \u00ab\u2009au cours d\u2019une s\u00e9ance d\u2019hypnose, nue sous un kimono, les doigts du chroniqueur pr\u00eats \u00e0 la p\u00e9n\u00e9trer.\u2009\u00bb<\/p>\n<p class=\" wall-content\"><strong>Avec AFP<\/strong><\/p>\n<p class=\" wall-content\">Personnalisez votre actualit\u00e9 en ajoutant vos villes et m\u00e9dias en favori avec <a href=\"https:\/\/moncompte.actu.fr\" title=\"D\u00e9couvez Mon Actu\" rel=\"nofollow noopener\" data-trk=\"{&quot;cta&quot;:{&quot;action&quot;:&quot;https:\\\/\\\/moncompte.actu.fr&quot;,&quot;category&quot;:&quot;mon compte&quot;,&quot;from&quot;:&quot;article footer&quot;,&quot;name&quot;:&quot;Mon actu&quot;,&quot;type&quot;:&quot;cta&quot;}}\" target=\"_blank\">Mon Actu<\/a>.<\/p>\n","protected":false},"excerpt":{"rendered":"Par R\u00e9daction Paris Publi\u00e9 le 30 sept. 2025 \u00e0 17h47 Le psychanalyste G\u00e9rard Miller a \u00e9t\u00e9 plac\u00e9 en&hellip;\n","protected":false},"author":2,"featured_media":428957,"comment_status":"","ping_status":"","sticky":false,"template":"","format":"standard","meta":{"footnotes":""},"categories":[1888],"tags":[1111,1928,11,1927,1777,674,1011,27,303,12,1926,626,1925,1072,25,104,799],"class_list":{"0":"post-428956","1":"post","2":"type-post","3":"status-publish","4":"format-standard","5":"has-post-thumbnail","7":"category-paris","8":"tag-actu","9":"tag-actu-paris","10":"tag-actualites","11":"tag-actualites-paris","12":"tag-eu","13":"tag-europe","14":"tag-fr","15":"tag-france","16":"tag-justice","17":"tag-news","18":"tag-news-paris","19":"tag-paris","20":"tag-paris-news","21":"tag-police","22":"tag-republique-francaise","23":"tag-societe","24":"tag-violences-sexuelles"},"share_on_mastodon":{"url":"https:\/\/pubeurope.com\/@fr\/115294057548533079","error":""},"_links":{"self":[{"href":"https:\/\/www.europesays.com\/fr\/wp-json\/wp\/v2\/posts\/428956","targetHints":{"allow":["GET"]}}],"collection":[{"href":"https:\/\/www.europesays.com\/fr\/wp-json\/wp\/v2\/posts"}],"about":[{"href":"https:\/\/www.europesays.com\/fr\/wp-json\/wp\/v2\/types\/post"}],"author":[{"embeddable":true,"href":"https:\/\/www.europesays.com\/fr\/wp-json\/wp\/v2\/users\/2"}],"replies":[{"embeddable":true,"href":"https:\/\/www.europesays.com\/fr\/wp-json\/wp\/v2\/comments?post=428956"}],"version-history":[{"count":0,"href":"https:\/\/www.europesays.com\/fr\/wp-json\/wp\/v2\/posts\/428956\/revisions"}],"wp:featuredmedia":[{"embeddable":true,"href":"https:\/\/www.europesays.com\/fr\/wp-json\/wp\/v2\/media\/428957"}],"wp:attachment":[{"href":"https:\/\/www.europesays.com\/fr\/wp-json\/wp\/v2\/media?parent=428956"}],"wp:term":[{"taxonomy":"category","embeddable":true,"href":"https:\/\/www.europesays.com\/fr\/wp-json\/wp\/v2\/categories?post=428956"},{"taxonomy":"post_tag","embeddable":true,"href":"https:\/\/www.europesays.com\/fr\/wp-json\/wp\/v2\/tags?post=428956"}],"curies":[{"name":"wp","href":"https:\/\/api.w.org\/{rel}","templated":true}]}}