{"id":428968,"date":"2025-09-30T15:59:14","date_gmt":"2025-09-30T15:59:14","guid":{"rendered":"https:\/\/www.europesays.com\/fr\/428968\/"},"modified":"2025-09-30T15:59:14","modified_gmt":"2025-09-30T15:59:14","slug":"les-consommateurs-continuent-de-dechanter-aux-etats-unis","status":"publish","type":"post","link":"https:\/\/www.europesays.com\/fr\/428968\/","title":{"rendered":"Les consommateurs continuent de d\u00e9chanter aux \u00c9tats-Unis"},"content":{"rendered":"<p class=\"fig-paragraph\">Le moral des\u00a0<a href=\"http:\/\/www.lefigaro.fr\/flash-eco\/la-confiance-des-consommateurs-americains-recule-mais-fait-mieux-qu-attendu-en-aout-20250826\" target=\"_blank\" data-fig-type=\"NewsFlash\" rel=\"noopener\" data-gtm-custom-categorie=\"navigation\" data-gtm-custom-action=\"crossclick\" data-gtm-custom-label=\"Contextuel\" data-gtm-event=\"customEventSPE\" data-fig-domain=\"LEFIGARO\">consommateurs am\u00e9ricains<\/a>\u00a0est min\u00e9 par les prix \u00e9lev\u00e9s et le manque d&rsquo;opportunit\u00e9s sur le march\u00e9 du travail, selon un barom\u00e8tre publi\u00e9 mardi par l&rsquo;association professionnelle Conference Board, au plus bas depuis le mois d&rsquo;avril. Au cours du mois \u00e9coul\u00e9, l&rsquo;indice \u00e9valuant la confiance des consommateurs a recul\u00e9 de 3,6 points, pour atteindre 94,2 points, contre 97,8 points en ao\u00fbt. Les analystes attendaient une moindre baisse, selon le consensus publi\u00e9 par MarketWatch. L&rsquo;indice n&rsquo;avait pas \u00e9t\u00e9 aussi bas depuis avril dernier, quand l&rsquo;annonce par le gouvernement de droits de douane massifs avait d\u00e9clench\u00e9 une vague d&rsquo;inqui\u00e9tudes. Dans leurs r\u00e9ponses, \u00ables sond\u00e9s ont davantage fait r\u00e9f\u00e9rence en septembre aux prix et \u00e0 l&rsquo;inflation, qui sont redevenus le principal sujet qui influence leur vision de l&rsquo;\u00e9conomie\u00bb, observe l&rsquo;\u00e9conomiste du Conference Board, Stephanie Guichard, cit\u00e9e dans le communiqu\u00e9.<\/p>\n<p class=\"fig-paragraph\">Elle note que \u00ables r\u00e9f\u00e9rences aux droits de douane ont diminu\u00e9 ce mois-ci, mais sont rest\u00e9es \u00e9lev\u00e9es et ont continu\u00e9 d&rsquo;\u00eatre associ\u00e9es \u00e0 des pr\u00e9occupations concernant la hausse des prix\u00bb. Par ailleurs, \u00ables mentions relatives \u00e0 l&#8217;emploi et au march\u00e9 du travail ont atteint un niveau qui n&rsquo;avait plus \u00e9t\u00e9 vu depuis ao\u00fbt 2024\u00bb, est-il relev\u00e9 dans le communiqu\u00e9. \u00abLes commentaires \u00e9taient pour la plupart n\u00e9gatifs, en particulier lorsqu&rsquo;ils faisaient r\u00e9f\u00e9rence \u00e0 la situation actuelle ; quelques commentaires positifs ont toutefois \u00e9t\u00e9 formul\u00e9s, exprimant principalement l&rsquo;espoir d&rsquo;une am\u00e9lioration de la situation\u00bb, est-il ajout\u00e9.<\/p>\n","protected":false},"excerpt":{"rendered":"Le moral des\u00a0consommateurs am\u00e9ricains\u00a0est min\u00e9 par les prix \u00e9lev\u00e9s et le manque d&rsquo;opportunit\u00e9s sur le march\u00e9 du travail,&hellip;\n","protected":false},"author":2,"featured_media":428969,"comment_status":"","ping_status":"","sticky":false,"template":"","format":"standard","meta":{"footnotes":""},"categories":[1589],"tags":[11,6907,73,1866,9346,12,1864,1865,1863,308],"class_list":{"0":"post-428968","1":"post","2":"type-post","3":"status-publish","4":"format-standard","5":"has-post-thumbnail","7":"category-etats-unis","8":"tag-actualites","9":"tag-consommateur","10":"tag-etats-unis","11":"tag-etats-unis-damerique","12":"tag-moral","13":"tag-news","14":"tag-united-states","15":"tag-united-states-of-america","16":"tag-us","17":"tag-usa"},"share_on_mastodon":{"url":"https:\/\/pubeurope.com\/@fr\/115294081219158557","error":""},"_links":{"self":[{"href":"https:\/\/www.europesays.com\/fr\/wp-json\/wp\/v2\/posts\/428968","targetHints":{"allow":["GET"]}}],"collection":[{"href":"https:\/\/www.europesays.com\/fr\/wp-json\/wp\/v2\/posts"}],"about":[{"href":"https:\/\/www.europesays.com\/fr\/wp-json\/wp\/v2\/types\/post"}],"author":[{"embeddable":true,"href":"https:\/\/www.europesays.com\/fr\/wp-json\/wp\/v2\/users\/2"}],"replies":[{"embeddable":true,"href":"https:\/\/www.europesays.com\/fr\/wp-json\/wp\/v2\/comments?post=428968"}],"version-history":[{"count":0,"href":"https:\/\/www.europesays.com\/fr\/wp-json\/wp\/v2\/posts\/428968\/revisions"}],"wp:featuredmedia":[{"embeddable":true,"href":"https:\/\/www.europesays.com\/fr\/wp-json\/wp\/v2\/media\/428969"}],"wp:attachment":[{"href":"https:\/\/www.europesays.com\/fr\/wp-json\/wp\/v2\/media?parent=428968"}],"wp:term":[{"taxonomy":"category","embeddable":true,"href":"https:\/\/www.europesays.com\/fr\/wp-json\/wp\/v2\/categories?post=428968"},{"taxonomy":"post_tag","embeddable":true,"href":"https:\/\/www.europesays.com\/fr\/wp-json\/wp\/v2\/tags?post=428968"}],"curies":[{"name":"wp","href":"https:\/\/api.w.org\/{rel}","templated":true}]}}