{"id":429000,"date":"2025-09-30T16:18:16","date_gmt":"2025-09-30T16:18:16","guid":{"rendered":"https:\/\/www.europesays.com\/fr\/429000\/"},"modified":"2025-09-30T16:18:16","modified_gmt":"2025-09-30T16:18:16","slug":"trois-toiles-dhenri-martin-pour-toulouse","status":"publish","type":"post","link":"https:\/\/www.europesays.com\/fr\/429000\/","title":{"rendered":"Trois toiles d&rsquo;Henri Martin pour Toulouse"},"content":{"rendered":"<p>30\/9\/25 &#8211;  <strong>Acquisitions &#8211; Toulouse, Mus\u00e9e des Augustins<\/strong>  &#8211; Alors que sa r\u00e9ouverture se profile pour la fin de cette ann\u00e9e, l\u2019institution toulousaine poursuit une campagne d\u2019enrichissement, fort r\u00e9guli\u00e8rement salu\u00e9e dans La Tribune de l\u2019Art pour sa vari\u00e9t\u00e9 et sa pertinence\u00a0: comment imaginer meilleur asile pour ce grand tableau de jeunesse d\u2019Henri Martin\u00a0? Rest\u00e9 in\u00e9dit, conserv\u00e9 dans la descendance de l\u2019artiste jusqu\u2019au printemps 2023, La Course \u00e0 l\u2019ab\u00eeme (ill. 1) fut alors propos\u00e9 par le galeriste Bertrand Moulins dans sa riche exposition intitul\u00e9e \u00ab\u00a0Les ann\u00e9es de jeunesse\u00a0\u00bb que le marchand toulousain assortit d\u2019un <a href=\"https:\/\/galeriemoulins-toulouse-31.fr\/wp-content\/uploads\/2023\/03\/641c336bd90dc_HMCatalogue-Web-definitif.pdf\" class=\"spip_out\" rel=\"external nofollow noopener\" target=\"_blank\">catalogue<\/a> et prolongea \u00e0 Paris, chez son confr\u00e8re Emeric Hahn, en marge du Salon du Dessin de mars 2024 (voir la <a href=\"https:\/\/www.latribunedelart.com\/la-semaine-du-dessin-dans-les-galeries-parisiennes-3\" class=\"spip_in\" rel=\"nofollow noopener\" target=\"_blank\">br\u00e8ve du 22\/3\/24<\/a>).<\/p>\n<dl class=\"spip_document_76295 spip_documents spip_documents_center\" itemprop=\"image\" itemscope=\"\" itemtype=\"http:\/\/schema.org\/ImageObject\">\n<dt>\n\t\t<a href=\"https:\/\/www.latribunedelart.com\/IMG\/jpg\/henri_martin_toulouse_galerie_moulins.jpg?76295\/a9818622a98a50640b7d426e68b21734e9cc2c26478c67d178ac7d84b08199a5\" title=\"\" type=\"image\/jpeg\" rel=\"nofollow noopener\" target=\"_blank\"><br \/>\n\t\t\t<img loading=\"lazy\" decoding=\"async\" src=\"https:\/\/www.europesays.com\/fr\/wp-content\/uploads\/2025\/09\/henri_martin_toulouse_galerie_moulins-65671.jpg\" width=\"500\" height=\"352\" alt=\"\" itemprop=\"contentUrl\"\/><br \/>\n\t\t<\/a>\n\t<\/dt>\n<dd class=\"crayon document-descriptif-76295 spip_doc_descriptif\" style=\"width:350px;\" itemprop=\"description\">1. Henri Martin (1860-1943)<br class=\"autobr\"\/><\/dd>\n<\/dl>\n<p>Pour avoir acc\u00e8s \u00e0 ce contenu, vous devez vous abonner \u00e0 La Tribune de l\u2019Art. Les avantages et les conditions de cet abonnement, qui vous permettra par ailleurs de soutenir La Tribune de l\u2019Art, sont d\u00e9crits sur <a href=\"https:\/\/www.latribunedelart.com\/s-abonner\" rel=\"nofollow noopener\" target=\"_blank\">la page d\u2019abonnement<\/a>.<\/p>\n","protected":false},"excerpt":{"rendered":"30\/9\/25 &#8211; Acquisitions &#8211; Toulouse, Mus\u00e9e des Augustins &#8211; Alors que sa r\u00e9ouverture se profile pour la fin&hellip;\n","protected":false},"author":2,"featured_media":429001,"comment_status":"","ping_status":"","sticky":false,"template":"","format":"standard","meta":{"footnotes":""},"categories":[1358],"tags":[1348,1384,1385,1386,58,59,1011,27],"class_list":{"0":"post-429000","1":"post","2":"type-post","3":"status-publish","4":"format-standard","5":"has-post-thumbnail","7":"category-arts-et-design","8":"tag-arts","9":"tag-arts-and-design","10":"tag-arts-et-design","11":"tag-design","12":"tag-divertissement","13":"tag-entertainment","14":"tag-fr","15":"tag-france"},"share_on_mastodon":{"url":"","error":""},"_links":{"self":[{"href":"https:\/\/www.europesays.com\/fr\/wp-json\/wp\/v2\/posts\/429000","targetHints":{"allow":["GET"]}}],"collection":[{"href":"https:\/\/www.europesays.com\/fr\/wp-json\/wp\/v2\/posts"}],"about":[{"href":"https:\/\/www.europesays.com\/fr\/wp-json\/wp\/v2\/types\/post"}],"author":[{"embeddable":true,"href":"https:\/\/www.europesays.com\/fr\/wp-json\/wp\/v2\/users\/2"}],"replies":[{"embeddable":true,"href":"https:\/\/www.europesays.com\/fr\/wp-json\/wp\/v2\/comments?post=429000"}],"version-history":[{"count":0,"href":"https:\/\/www.europesays.com\/fr\/wp-json\/wp\/v2\/posts\/429000\/revisions"}],"wp:featuredmedia":[{"embeddable":true,"href":"https:\/\/www.europesays.com\/fr\/wp-json\/wp\/v2\/media\/429001"}],"wp:attachment":[{"href":"https:\/\/www.europesays.com\/fr\/wp-json\/wp\/v2\/media?parent=429000"}],"wp:term":[{"taxonomy":"category","embeddable":true,"href":"https:\/\/www.europesays.com\/fr\/wp-json\/wp\/v2\/categories?post=429000"},{"taxonomy":"post_tag","embeddable":true,"href":"https:\/\/www.europesays.com\/fr\/wp-json\/wp\/v2\/tags?post=429000"}],"curies":[{"name":"wp","href":"https:\/\/api.w.org\/{rel}","templated":true}]}}