{"id":429002,"date":"2025-09-30T16:19:18","date_gmt":"2025-09-30T16:19:18","guid":{"rendered":"https:\/\/www.europesays.com\/fr\/429002\/"},"modified":"2025-09-30T16:19:18","modified_gmt":"2025-09-30T16:19:18","slug":"la-deuxieme-selection-des-prix-femina-2025","status":"publish","type":"post","link":"https:\/\/www.europesays.com\/fr\/429002\/","title":{"rendered":"La deuxi\u00e8me s\u00e9lection des prix Femina 2025"},"content":{"rendered":"<p>C&rsquo;est la premi\u00e8re des deuxi\u00e8mes s\u00e9lections \u00e0 tomber cette ann\u00e9e. Le jury du prix Femina a r\u00e9duit ses listes de romans fran\u00e7ais et \u00e9trangers et ajout\u00e9 dix essais. Une ultime s\u00e9lection sera op\u00e9r\u00e9e le 21\u00a0octobre avant la proclamation des prix le lundi 3\u00a0novembre depuis le mus\u00e9e Carnavalet, \u00e0 Paris. Les romans de <strong>Nathacha Appanah<\/strong>, <strong>Laurent Mauvignier<\/strong> et <strong>David Thomas<\/strong>, \u00e9galement pr\u00e9sents dans la <a href=\"https:\/\/www.livreshebdo.fr\/article\/la-premiere-liste-du-prix-goncourt-2025\" target=\"_blank\" rel=\"nofollow noopener\">premi\u00e8re liste du Goncourt<\/a>, sont toujours en lice\u2026<\/p>\n<p>\u00a0<\/p>\n<p>Deuxi\u00e8me s\u00e9lection du prix Femina 2025 du roman fran\u00e7ais<\/p>\n<p class=\"whitespace-normal break-words\">\u00a0<\/p>\n<p>Deuxi\u00e8me s\u00e9lection du prix Femina 2025 du\u00a0roman \u00e9tranger<\/p>\n<ul>\n<li>Les bons voisins\u00a0de\u00a0<strong>Nina Allan <\/strong>(Tristram) traduit de l\u2019anglais par <strong>Bernard Sigaud<\/strong><\/li>\n<li><a href=\"https:\/\/www.livreshebdo.fr\/article\/john-boyne-je-me-sens-moins-lie-la-nouvelle-generation-des-ecrivains-irlandais\" target=\"_blank\" rel=\"nofollow noopener\">Les \u00e9l\u00e9ments\u00a0de\u00a0<\/a><strong><a href=\"https:\/\/www.livreshebdo.fr\/article\/john-boyne-je-me-sens-moins-lie-la-nouvelle-generation-des-ecrivains-irlandais\" target=\"_blank\" rel=\"nofollow noopener\">John Boyne<\/a> <\/strong>(JC Latt\u00e8s) traduit de l\u2019anglais par <strong>Sophie Aslanides<\/strong>\u00a0<\/li>\n<li><a href=\"https:\/\/www.livreshebdo.fr\/article\/javier-cercas-le-fou-de-dieu-au-bout-du-monde-actes-sud\" target=\"_blank\" rel=\"nofollow noopener\">Le Fou de Dieu au bout du monde\u00a0de\u00a0<\/a><strong><a href=\"https:\/\/www.livreshebdo.fr\/article\/javier-cercas-le-fou-de-dieu-au-bout-du-monde-actes-sud\" target=\"_blank\" rel=\"nofollow noopener\">Javier Cercas<\/a> <\/strong>(Actes Sud) traduit de l\u2019espagnol par <strong>Aleksandar Grujicic<\/strong> et <strong>Karine Louesdon<\/strong><\/li>\n<li>\u00c9claircie\u00a0de\u00a0<strong>Carys Davies <\/strong>(La Table Ronde) traduit de l\u2019anglais par <strong>David Fauquemberg<\/strong><\/li>\n<li>Kairos\u00a0de\u00a0<strong>Jenny Erpenbeck <\/strong>(Gallimard) traduit de l\u2019allemand par <strong>Rose Labourie<\/strong>\u00a0<\/li>\n<li>Comme on fixe le soleil\u00a0d&rsquo;<strong>Alexandra Fuller <\/strong>(Plon) traduit de l\u2019anglais par <strong>Marie Hermet<\/strong>\u00a0<\/li>\n<li>Cet autre \u00c9den\u00a0de\u00a0<strong>Paul Harding <\/strong>(Buchet-Chastel) traduit de l&rsquo;anglais par <strong>Paul Matthieu<\/strong><\/li>\n<li>Les vuln\u00e9rables\u00a0de\u00a0<strong>Sigrid Nunez <\/strong>(Stock) traduit de l\u2019anglais par <strong>Mathilde Bach<\/strong><\/li>\n<li>Un monde nouveau\u00a0de\u00a0<strong>Jess Row <\/strong>(Albin Michel) traduit de l\u2019anglais par <strong>St\u00e9phane Roques<\/strong><\/li>\n<li><a href=\"https:\/\/www.livreshebdo.fr\/article\/elif-shafak-les-fleuves-du-ciel-flammarion\" target=\"_blank\" rel=\"nofollow noopener\">Les fleuves du ciel\u00a0d&rsquo;<\/a><strong><a href=\"https:\/\/www.livreshebdo.fr\/article\/elif-shafak-les-fleuves-du-ciel-flammarion\" target=\"_blank\" rel=\"nofollow noopener\">Elif Shafak<\/a> <\/strong>(Flammarion) traduit de l\u2019anglais par <strong>Dominique Goy-Blanquet<\/strong><\/li>\n<\/ul>\n<p>\u00a0<\/p>\n<p>Premi\u00e8re liste du prix Femina 2025 de l&rsquo;Essai<\/p>\n<ul>\n<li class=\"whitespace-normal break-words\">La joie ennemie de <strong>Kaouther Adimi<\/strong> (Stock)<\/li>\n<li class=\"whitespace-normal break-words\">Klaus de <strong>Gilles Collard<\/strong> (Flammarion)<\/li>\n<li class=\"whitespace-normal break-words\">Volia d&rsquo;<strong>Anastasia Fomitchova<\/strong> (Grasset)<\/li>\n<li class=\"whitespace-normal break-words\">Un livre de <strong>Fabrice Gaignault<\/strong> (Arl\u00e9a)<\/li>\n<li class=\"whitespace-normal break-words\">Au pays des Pnines de <strong>Sibylle Grimbert<\/strong> (Premier parall\u00e8le)<\/li>\n<li class=\"whitespace-normal break-words\">Tocqueville de <strong>Fran\u00e7oise Melonio<\/strong> (Gallimard)<\/li>\n<li class=\"whitespace-normal break-words\">Huysmans d&rsquo;<strong>Agn\u00e8s Michaux<\/strong> (Cherche Midi)<\/li>\n<li class=\"whitespace-normal break-words\">Les verbes de l&rsquo;\u00e9criture de <strong>Wajdi Mouawad<\/strong> (Seuil)<\/li>\n<li class=\"whitespace-normal break-words\">Les morts de Raoul Villain d&rsquo;<strong>Amos Reichman<\/strong> (Seuil)<\/li>\n<li class=\"whitespace-normal break-words\">La part sauvage de <strong>Marc Weitzmann<\/strong> (Grasset)<\/li>\n<\/ul>\n<p class=\"whitespace-normal break-words\">\u00a0<\/p>\n<p class=\"whitespace-normal break-words\">Les laur\u00e9ats <a href=\"https:\/\/www.livreshebdo.fr\/article\/le-prix-femina-2024-pour-miguel-bonnefoy#:~:text=D%C3%A9j%C3%A0%20couronn%C3%A9%20du%20Grand%20prix,et%20celui%20du%20Roman%20%C3%A9tranger.\" target=\"_blank\" rel=\"nofollow noopener\">succ\u00e8deront<\/a> \u00e0\u00a0<strong>Miguel Bonnefoy <\/strong>(Le r\u00eave du Jaguar,\u00a0Rivages),\u00a0<strong>Paul Audi <\/strong>(Tenir t\u00eate,\u00a0Stock), et\u00a0<strong>Alia Trabucco\u00a0<\/strong><strong>Zer\u00e1n <\/strong>(Propre, Robert Laffont).<\/p>\n<p>          Le jury du prix Femina 2025<\/p>\n<ul>\n<li>Nathalie <strong>AZOULAI <\/strong><\/li>\n<li>Evelyne <strong>BLOCH-DANO<\/strong><\/li>\n<li>Isabelle <strong>DESESQUELLES<\/strong><\/li>\n<li>Brigitte <strong>GIRAUD<\/strong><\/li>\n<li>Paula <strong>JACQUES<\/strong><\/li>\n<li>Oriane <strong>JEANCOURT GALIGNANI <\/strong><\/li>\n<li>Christine <strong>JORDIS <\/strong><\/li>\n<li>Mona <strong>OZOUF<\/strong><\/li>\n<li>Patricia <strong>REZNIKOV <\/strong><\/li>\n<li>Josyane <strong>SAVIGNEAU <\/strong><\/li>\n<li>Julie <strong>WOLKENSTEIN<\/strong><\/li>\n<\/ul>\n<p>Pour t\u00e9l\u00e9charger ce document, vous devez d&rsquo;abord acheter l&rsquo;article correspondant.<\/p>\n","protected":false},"excerpt":{"rendered":"C&rsquo;est la premi\u00e8re des deuxi\u00e8mes s\u00e9lections \u00e0 tomber cette ann\u00e9e. Le jury du prix Femina a r\u00e9duit ses&hellip;\n","protected":false},"author":2,"featured_media":429003,"comment_status":"","ping_status":"","sticky":false,"template":"","format":"standard","meta":{"footnotes":""},"categories":[1357],"tags":[1379,58,59,1011,27,1380],"class_list":{"0":"post-429002","1":"post","2":"type-post","3":"status-publish","4":"format-standard","5":"has-post-thumbnail","7":"category-livres","8":"tag-books","9":"tag-divertissement","10":"tag-entertainment","11":"tag-fr","12":"tag-france","13":"tag-livres"},"share_on_mastodon":{"url":"https:\/\/pubeurope.com\/@fr\/115294159908812577","error":""},"_links":{"self":[{"href":"https:\/\/www.europesays.com\/fr\/wp-json\/wp\/v2\/posts\/429002","targetHints":{"allow":["GET"]}}],"collection":[{"href":"https:\/\/www.europesays.com\/fr\/wp-json\/wp\/v2\/posts"}],"about":[{"href":"https:\/\/www.europesays.com\/fr\/wp-json\/wp\/v2\/types\/post"}],"author":[{"embeddable":true,"href":"https:\/\/www.europesays.com\/fr\/wp-json\/wp\/v2\/users\/2"}],"replies":[{"embeddable":true,"href":"https:\/\/www.europesays.com\/fr\/wp-json\/wp\/v2\/comments?post=429002"}],"version-history":[{"count":0,"href":"https:\/\/www.europesays.com\/fr\/wp-json\/wp\/v2\/posts\/429002\/revisions"}],"wp:featuredmedia":[{"embeddable":true,"href":"https:\/\/www.europesays.com\/fr\/wp-json\/wp\/v2\/media\/429003"}],"wp:attachment":[{"href":"https:\/\/www.europesays.com\/fr\/wp-json\/wp\/v2\/media?parent=429002"}],"wp:term":[{"taxonomy":"category","embeddable":true,"href":"https:\/\/www.europesays.com\/fr\/wp-json\/wp\/v2\/categories?post=429002"},{"taxonomy":"post_tag","embeddable":true,"href":"https:\/\/www.europesays.com\/fr\/wp-json\/wp\/v2\/tags?post=429002"}],"curies":[{"name":"wp","href":"https:\/\/api.w.org\/{rel}","templated":true}]}}