{"id":429029,"date":"2025-09-30T16:33:12","date_gmt":"2025-09-30T16:33:12","guid":{"rendered":"https:\/\/www.europesays.com\/fr\/429029\/"},"modified":"2025-09-30T16:33:12","modified_gmt":"2025-09-30T16:33:12","slug":"lorraine-le-regard-de-jean-scherbeck-pour-des-portraits-hors-du-commun","status":"publish","type":"post","link":"https:\/\/www.europesays.com\/fr\/429029\/","title":{"rendered":"Lorraine. Le regard de Jean Scherbeck pour des portraits hors du commun"},"content":{"rendered":"<p>Entrer dans l\u2019univers artistique de Jean Scherbeck, c\u2019est entrer dans l\u2019intime. L\u2019intimit\u00e9 de son atelier d\u2019abord mais aussi dans celle des sujets photographi\u00e9s ou croqu\u00e9s aux pastels. L\u2019exposition \u00e0 la galerie Madame de Graffigny \u00e0 Villers-l\u00e8s-Nancy \u00ab rassemble son travail et sa passion artistique. On voulait montrer tout \u00e7a \u00bb, confient ses petits-enfants Jean-Pierre Puton et Sophie Maurand ainsi qu\u2019Yves-No\u00ebl Scherbeck, le dernier de ses enfants encore vivants. \u00ab Il travaillait essentiellement \u00e0 la lumi\u00e8re du jour. Les portraits sont toujours \u00e9clair\u00e9s \u00e0 droite. La verri\u00e8re de son atelier \u00e9tait orient\u00e9e plein nord. \u00bb<\/p>\n<p>N\u00e9 en 1898 \u00e0 Champigneulles, Jean Scherbeck a eu \u00ab un succ\u00e8s imm\u00e9diat \u00bb parce qu\u2019il a rompu avec le style de l\u2019\u00e9poque. \u00ab Il a introduit du flou, une technique qu\u2019il a apprise en Allemagne. \u00bb Le flou lui permettait \u00ab de viser le regard et de faire l\u2019\u00e9conomie des retouches \u00bb. D\u2019ailleurs l\u2019exposition, Des visages\/Un regard , est centr\u00e9e sur les yeux, pour les photos comme pour les dessins.<\/p>\n<p>Dans la galerie de portraits, on reconna\u00eet Jacques Majorelle, Victor Prouv\u00e9 ou encore son ami le peintre \u00c9mile Friant, qui fut son professeur et l\u2019initia sans doute \u00e0 l\u2019art photographique. F\u00e9lix Leclerc, Roberto Benzi, le commandant Raynal, h\u00e9ros du fort de Vaux, ou encore la cantatrice <a href=\"https:\/\/www.estrepublicain.fr\/meurthe-et-moselle\/2014\/10\/12\/l-intensite-de-l-oeil-de-biche\" target=\"_blank\" rel=\"nofollow noopener\">Christiane Stutzmann<\/a>. Maurice Barr\u00e8s aussi, <a href=\"https:\/\/www.estrepublicain.fr\/culture-loisirs\/2024\/05\/12\/savez-vous-dans-quelles-circonstances-charles-trenet-est-venu-a-nancy\" target=\"_blank\" rel=\"nofollow noopener\">Charles Tr\u00e9net<\/a> qui effectua un mois \u00e0 la base d\u2019Essey-l\u00e8s-Nancy, ou encore un clich\u00e9 de Sacha Simon, grand reporter de L\u2019Est R\u00e9publicain  qui annon\u00e7a le premier le suicide de G\u00f6ring au proc\u00e8s de Nuremberg.<\/p>\n<p>  \u00ab C\u2019\u00e9tait un homme tr\u00e8s tendre, tr\u00e8s calme \u00bb<\/p>\n<p>Sur un mur, on d\u00e9couvre la photo du mar\u00e9chal Lyautey qui l\u2019appelait lors des visites officielles dans sa maison de Thorey, et une photo, <a href=\"https:\/\/www.republicain-lorrain.fr\/p\/place-stanislas\" target=\"_blank\" rel=\"nofollow noopener\">place Stanislas<\/a>, du mariage en 1951 d\u2019Otto de Habsbourg. \u00ab Ils ont travaill\u00e9 toute la nuit pour que les photos soient disponibles le lendemain \u00bb, confie <a href=\"https:\/\/www.estrepublicain.fr\/edition-de-nancy-ville\/2016\/05\/07\/nancy-jean-pierre-puton-chevalier-des-arts-des-lettres-et-de-l-image\" target=\"_blank\" rel=\"nofollow noopener\">Jean-Pierre Puton<\/a>. \u00ab Il avait embauch\u00e9 un op\u00e9rateur pendant un an juste pour tirer cette photo ! \u00bb, vu le succ\u00e8s qu\u2019elle avait eu \u00e0 l\u2019\u00e9poque.<\/p>\n<p>C\u00f4t\u00e9 \u0153uvres picturales, celui qui croqua \u00ab l a m\u00e2miche \u00bb dont l\u2019image orne les bo\u00eetes de madeleines de Liverdun utilise \u00ab crayon, fusain, sanguine et pastel et un peu de peinture \u00bb. L\u00e0 encore, \u00ab on a voulu mettre en \u00e9vidence l\u2019\u00e9tude du regard \u00bb, confie son fils Yves-No\u00ebl. Un p\u00eacheur breton, un Alsacien, un portrait \u00e0 Nazar\u00e9, des dessins de ses camarades de captivit\u00e9 en 1940 \u00e0 l\u2019Oflag XVII-A\u2026 Tout un panel de visages hors du commun.<\/p>\n<p><a href=\"https:\/\/www.estrepublicain.fr\/culture-loisirs\/2023\/11\/24\/scherbeck-est-un-veritable-ethnographe-de-son-epoque\" target=\"_blank\" rel=\"nofollow noopener\">Jean Scherbeck<\/a> , descendant d\u2019optants (les Alsaciens-Lorrains qui optent pour la nationalit\u00e9 fran\u00e7aise apr\u00e8s la guerre de 1870, ndlr), cit\u00e9 quatre fois en 1914-1918, L\u00e9gion d\u2019honneur jeune, officier ensuite, n\u2019a cess\u00e9 de dessiner jusqu\u2019\u00e0 sa mort en 1989. \u00ab C\u2019\u00e9tait un homme tr\u00e8s tendre, tr\u00e8s calme et tr\u00e8s attentif \u00e0 ce qu\u2019on lui disait \u00bb, explique son fils. Un \u00e9cran diffuse sa derni\u00e8re interview t\u00e9l\u00e9vis\u00e9e, quelques mois avant son d\u00e9c\u00e8s. Le regard doux et les souvenirs pr\u00e9cis.<\/p>\n<p>\u00ab Cette ann\u00e9e, nous avons cr\u00e9\u00e9 l\u2019association des Amis de Jean Scherbeck \u00bb, poursuivent ses descendants. \u00ab Ce qui nous permet de travailler sur d\u2019autres projets. \u00bb Ils d\u00e9sirent en effet \u00ab qu\u2019il soit plus pr\u00e9sent dans les mus\u00e9es de Nancy \u00bb.<\/p>\n<p class=\"note\">Des visages\/Un regard, exposition Jean Scherbeck jusqu\u2019au 2 novembre tous les apr\u00e8s-midi du mercredi au dimanche y compris les jours f\u00e9ri\u00e9s \u00e0 la galerie Madame de Graffigny \u00e0 Villers-l\u00e8s-Nancy. Entr\u00e9e libre. Visite comment\u00e9e sur demande sur <strong> amisjeanscherbeck@gmail.com <\/strong>.<\/p>\n","protected":false},"excerpt":{"rendered":"Entrer dans l\u2019univers artistique de Jean Scherbeck, c\u2019est entrer dans l\u2019intime. L\u2019intimit\u00e9 de son atelier d\u2019abord mais aussi&hellip;\n","protected":false},"author":2,"featured_media":429030,"comment_status":"","ping_status":"","sticky":false,"template":"","format":"standard","meta":{"footnotes":""},"categories":[9635],"tags":[1111,11,1687,1777,674,2271,1011,27,775,937,20065,1702,12,2661,3456,25,104],"class_list":{"0":"post-429029","1":"post","2":"type-post","3":"status-publish","4":"format-standard","5":"has-post-thumbnail","7":"category-nancy","8":"tag-actu","9":"tag-actualites","10":"tag-culture-loisirs","11":"tag-eu","12":"tag-europe","13":"tag-exposition-arts-plastiques","14":"tag-fr","15":"tag-france","16":"tag-grand-est","17":"tag-histoire","18":"tag-magazine-tourisme-et-patrimoine","19":"tag-nancy","20":"tag-news","21":"tag-patrimoine-culturel","22":"tag-region-lorraine","23":"tag-republique-francaise","24":"tag-societe"},"share_on_mastodon":{"url":"https:\/\/pubeurope.com\/@fr\/115294214726192808","error":""},"_links":{"self":[{"href":"https:\/\/www.europesays.com\/fr\/wp-json\/wp\/v2\/posts\/429029","targetHints":{"allow":["GET"]}}],"collection":[{"href":"https:\/\/www.europesays.com\/fr\/wp-json\/wp\/v2\/posts"}],"about":[{"href":"https:\/\/www.europesays.com\/fr\/wp-json\/wp\/v2\/types\/post"}],"author":[{"embeddable":true,"href":"https:\/\/www.europesays.com\/fr\/wp-json\/wp\/v2\/users\/2"}],"replies":[{"embeddable":true,"href":"https:\/\/www.europesays.com\/fr\/wp-json\/wp\/v2\/comments?post=429029"}],"version-history":[{"count":0,"href":"https:\/\/www.europesays.com\/fr\/wp-json\/wp\/v2\/posts\/429029\/revisions"}],"wp:featuredmedia":[{"embeddable":true,"href":"https:\/\/www.europesays.com\/fr\/wp-json\/wp\/v2\/media\/429030"}],"wp:attachment":[{"href":"https:\/\/www.europesays.com\/fr\/wp-json\/wp\/v2\/media?parent=429029"}],"wp:term":[{"taxonomy":"category","embeddable":true,"href":"https:\/\/www.europesays.com\/fr\/wp-json\/wp\/v2\/categories?post=429029"},{"taxonomy":"post_tag","embeddable":true,"href":"https:\/\/www.europesays.com\/fr\/wp-json\/wp\/v2\/tags?post=429029"}],"curies":[{"name":"wp","href":"https:\/\/api.w.org\/{rel}","templated":true}]}}