{"id":429037,"date":"2025-09-30T16:38:10","date_gmt":"2025-09-30T16:38:10","guid":{"rendered":"https:\/\/www.europesays.com\/fr\/429037\/"},"modified":"2025-09-30T16:38:10","modified_gmt":"2025-09-30T16:38:10","slug":"le-premier-explorer-day-avec-les-forces-de-securite-et-de-secours-cest-ce-mercredi","status":"publish","type":"post","link":"https:\/\/www.europesays.com\/fr\/429037\/","title":{"rendered":"le premier Explorer Day avec les forces de s\u00e9curit\u00e9 et de secours, c&rsquo;est ce mercredi"},"content":{"rendered":"<p>            Par<br \/>\n        <strong><br \/>\n            <a href=\"https:\/\/actu.fr\/auteur\/jm-aubert\" title=\"Consulter tous les articles de Jean-Marc Aubert\" target=\"_blank\" rel=\"noopener\">Jean-Marc Aubert<\/a><br \/>\n        <\/strong><\/p>\n<p>        Publi\u00e9 le<\/p>\n<p>            30 sept. 2025 \u00e0 18h23        <\/p>\n<p>Il va y avoir une grande effervescence : la <strong>police nationale de l\u2019H\u00e9rault<\/strong> organise la premi\u00e8re \u00e9dition d\u2019<strong>Explorer Day<\/strong>, \u00a0ce mercredi 1er octobre 2025 d\u00e8s 10h, sur le parvis de l\u2019h\u00f4tel de ville de <strong>Montpellier, <\/strong>dans le quartier de Port Marianne. Mais ne vous inqui\u00e9tez pas si vous passez par l\u00e0, pas d\u2019affolement non plus, la mairie ne sera pas en feu !\u00a0<\/p>\n<p class=\" wall-content\">C\u2019est une journ\u00e9e de promotion des m\u00e9tiers institutionnels de la s\u00e9curit\u00e9 qui est organis\u00e9e par la direction interd\u00e9partementale de la police nationale -DIPN 34- et qui sera principalement destin\u00e9e \u00e0 des jeunes, coll\u00e9giens et lyc\u00e9ens, en partenariat avec le rectorat, et bien entendu les \u00e9tudiants. Plusieurs animations seront propos\u00e9es au public, attendu nombreux : d\u00e9monstration d\u2019une unit\u00e9 cynophile, atelier de la police technique scientifique, etc. Et un stand d\u2019information au cas o\u00f9 vous voulez faire carri\u00e8re dans cette profession, toujours en qu\u00eate de recrutement, avec un avantage pour la formation : l\u2019\u00c9cole nationale de la police implant\u00e9e \u00e0 N\u00eemes.<\/p>\n<p>    <a href=\"https:\/\/www.google.com\/maps\/embed?pb=!1m18!1m12!1m3!1d4809.100581836041!2d3.895120396763302!3d43.59832651711362!2m3!1f0!2f0!3f0!3m2!1i1024!2i768!4f13.1!3m3!1m2!1s0x12b6ae016ee41ecf%3A0x43ad717412e05b44!2sH%C3%B4tel%20de%20Ville%20de%20Montpellier!5e0!3m2!1sfr!2sfr!4v1759246123302!5m2!1sfr!2sfr\" title=\"Ouvrie le lien\" target=\"_blank\" rel=\"noopener\">Cliquez ici pour visualiser le contenu<\/a><\/p>\n<p class=\" wall-content\">Cet \u00e9v\u00e8nement, plac\u00e9 sous le signe du rapprochement s\u00e9curit\u00e9-population-jeunes, r\u00e9unira l\u2019ensemble des repr\u00e9sentants institutionnels en mati\u00e8re de s\u00e9curit\u00e9.<\/p>\n<p class=\" wall-content\">Seront ainsi pr\u00e9sents : \u00a0la pr\u00e9fecture de l\u2019H\u00e9rault avec les responsables de la s\u00e9curit\u00e9 routi\u00e8re, la police nationale, la gendarmerie,\u00a0la M\u00e9tropole, avec la police m\u00e9tropolitaine des transports, la Mission locale,\u00a0la Ville de Montpellier avec les unit\u00e9s de la police municipale, les arm\u00e9es, les douanes, les sapeurs-pompiers du Sdis 34,\u00a0TaM 3M, la\u00a0Protection civile, la\u00a0Croix Rouge et la SUGE, la police ferroviaire.<\/p>\n<p>Vid\u00e9os : en ce moment sur Actu<\/p>\n<p class=\" wall-content\">Le rendez-vous est donc fix\u00e9 ce mercredi \u00e0 partir de 10h \u00e0 16h non-stop sur le parvis de la mairie, \u00e0 Port Marianne, o\u00f9 l\u2019entr\u00e9e sera gratuite bien s\u00fbr. Un \u00e9v\u00e9nement p\u00e9dagogique bienvenu avec l\u00a0\u00bboccasion de susciter des vocations, comme policier, gendarme, douanier ou encore \u00ab\u00a0soldat du feu\u00a0\u00bb, de plus en plus secouriste, car les assistances \u00e0 personne \u00ab\u00a0explosent\u00a0\u00bb chaque ann\u00e9e. D\u2019ailleurs, dans quelques jours, les casqu\u00e9s du Sdis 34 seront pr\u00e9sents dans un stand d\u00e9di\u00e9, \u00e0 la Foire internationale de Montpellier, au parc des expositions \u00e0 P\u00e9rols.<\/p>\n<p class=\" wall-content\">Personnalisez votre actualit\u00e9 en ajoutant vos villes et m\u00e9dias en favori avec <a href=\"https:\/\/moncompte.actu.fr\" title=\"D\u00e9couvez Mon Actu\" rel=\"nofollow noopener\" data-trk=\"{&quot;cta&quot;:{&quot;action&quot;:&quot;https:\\\/\\\/moncompte.actu.fr&quot;,&quot;category&quot;:&quot;mon compte&quot;,&quot;from&quot;:&quot;article footer&quot;,&quot;name&quot;:&quot;Mon actu&quot;,&quot;type&quot;:&quot;cta&quot;}}\" target=\"_blank\">Mon Actu<\/a>.<\/p>\n","protected":false},"excerpt":{"rendered":"Par Jean-Marc Aubert Publi\u00e9 le 30 sept. 2025 \u00e0 18h23 Il va y avoir une grande effervescence :&hellip;\n","protected":false},"author":2,"featured_media":429038,"comment_status":"","ping_status":"","sticky":false,"template":"","format":"standard","meta":{"footnotes":""},"categories":[9599],"tags":[1111,11,1777,674,1011,27,3381,2208,12,2680,1072,1311,25,104],"class_list":{"0":"post-429037","1":"post","2":"type-post","3":"status-publish","4":"format-standard","5":"has-post-thumbnail","7":"category-montpellier","8":"tag-actu","9":"tag-actualites","10":"tag-eu","11":"tag-europe","12":"tag-fr","13":"tag-france","14":"tag-gendarmerie","15":"tag-montpellier","16":"tag-news","17":"tag-occitanie","18":"tag-police","19":"tag-pompiers","20":"tag-republique-francaise","21":"tag-societe"},"share_on_mastodon":{"url":"https:\/\/pubeurope.com\/@fr\/115294234488071491","error":""},"_links":{"self":[{"href":"https:\/\/www.europesays.com\/fr\/wp-json\/wp\/v2\/posts\/429037","targetHints":{"allow":["GET"]}}],"collection":[{"href":"https:\/\/www.europesays.com\/fr\/wp-json\/wp\/v2\/posts"}],"about":[{"href":"https:\/\/www.europesays.com\/fr\/wp-json\/wp\/v2\/types\/post"}],"author":[{"embeddable":true,"href":"https:\/\/www.europesays.com\/fr\/wp-json\/wp\/v2\/users\/2"}],"replies":[{"embeddable":true,"href":"https:\/\/www.europesays.com\/fr\/wp-json\/wp\/v2\/comments?post=429037"}],"version-history":[{"count":0,"href":"https:\/\/www.europesays.com\/fr\/wp-json\/wp\/v2\/posts\/429037\/revisions"}],"wp:featuredmedia":[{"embeddable":true,"href":"https:\/\/www.europesays.com\/fr\/wp-json\/wp\/v2\/media\/429038"}],"wp:attachment":[{"href":"https:\/\/www.europesays.com\/fr\/wp-json\/wp\/v2\/media?parent=429037"}],"wp:term":[{"taxonomy":"category","embeddable":true,"href":"https:\/\/www.europesays.com\/fr\/wp-json\/wp\/v2\/categories?post=429037"},{"taxonomy":"post_tag","embeddable":true,"href":"https:\/\/www.europesays.com\/fr\/wp-json\/wp\/v2\/tags?post=429037"}],"curies":[{"name":"wp","href":"https:\/\/api.w.org\/{rel}","templated":true}]}}