{"id":429041,"date":"2025-09-30T16:40:15","date_gmt":"2025-09-30T16:40:15","guid":{"rendered":"https:\/\/www.europesays.com\/fr\/429041\/"},"modified":"2025-09-30T16:40:15","modified_gmt":"2025-09-30T16:40:15","slug":"un-homme-entre-dans-une-ecole-et-se-cache-dans-les-toilettes","status":"publish","type":"post","link":"https:\/\/www.europesays.com\/fr\/429041\/","title":{"rendered":"Un homme entre dans une \u00e9cole et se cache dans les toilettes"},"content":{"rendered":"<p>Un homme s\u2019est introduit dans l\u2019\u00e9cole Laurent de Bimorel, situ\u00e9e dans le quartier Saint-Marc \u00e0 Rouen (<a href=\"https:\/\/www.20minutes.fr\/dossier\/seine_maritime-1\" target=\"_blank\" class=\"c-link c-link--is-underlined\" rel=\"nofollow noopener\">Seine-Maritime<\/a>), ce vendredi. La mairie de la ville indique que les portes de l\u2019\u00e9tablissement \u00e9taient pourtant bel et bien ferm\u00e9es. L\u2019homme a \u00e9t\u00e9 retrouv\u00e9 cach\u00e9 dans les toilettes, selon <a href=\"https:\/\/www.francebleu.fr\/infos\/education\/un-homme-s-introduit-dans-les-toilettes-de-l-ecole-laurent-de-bimorel-a-rouen-les-enfants-le-trouvent-a-la-recreation-6801990\" target=\"_blank\" class=\"c-link c-link--is-underlined\" rel=\"nofollow noopener\">Ici Normandie<\/a>.<\/p>\n<p>Des parents d\u2019\u00e9l\u00e8ves ont exprim\u00e9 <a href=\"https:\/\/www.20minutes.fr\/faits_divers\/4175554-20250929-tours-college-confine-apres-fausse-alerte-intrusion-armee\" target=\"_blank\" class=\"c-link c-link--is-underlined\" rel=\"nofollow noopener\">leur inqui\u00e9tude \u00e0 la suite de cette intrusion<\/a>. \u00ab\u00a0J\u2019\u00e9tais surpris dans un premier temps et puis j\u2019ai eu peur parce qu\u2019on imagine les pires sc\u00e9narios. Ce n\u2019est pas normal, il y a une faille quelque part\u00a0\u00bb, a estim\u00e9 le p\u00e8re d\u2019une \u00e9l\u00e8ve de six ans.<\/p>\n<p>L\u2019individu \u00e9vacu\u00e9 sans violence<\/p>\n<p>L\u2019homme s\u2019est introduit dans l\u2019\u00e9tablissement pendant le temps scolaire, alors que les enfants \u00e9taient en classe. Un enfant a d\u00e9couvert l\u2019homme cach\u00e9 aux toilettes lors de la r\u00e9cr\u00e9ation. La directrice et le responsable du p\u00e9riscolaire ont \u00e9t\u00e9 alert\u00e9s et ont fait sortir l\u2019individu, qui n\u2019a manifest\u00e9 aucune <a href=\"https:\/\/www.20minutes.fr\/dossier\/violence\" target=\"_blank\" class=\"c-link c-link--is-underlined\" rel=\"nofollow noopener\">violence<\/a> ou signe de protestation.<\/p>\n<\/p>\n<p>La police municipale a \u00e9t\u00e9 charg\u00e9e par la <a href=\"https:\/\/www.20minutes.fr\/dossier\/mairie\" class=\"c-link c-link--is-underlined\" rel=\"nofollow noopener\" target=\"_blank\">mairie<\/a> d\u2019effectuer des rondes autour de l\u2019\u00e9cole, au cas o\u00f9 d\u2019autres individus r\u00f4dent encore autour de l\u2019enceinte. L\u2019inspection acad\u00e9mique a \u00e9galement \u00e9t\u00e9 pr\u00e9venue de l\u2019incident.<\/p>\n","protected":false},"excerpt":{"rendered":"Un homme s\u2019est introduit dans l\u2019\u00e9cole Laurent de Bimorel, situ\u00e9e dans le quartier Saint-Marc \u00e0 Rouen (Seine-Maritime), ce&hellip;\n","protected":false},"author":2,"featured_media":429042,"comment_status":"","ping_status":"","sticky":false,"template":"","format":"standard","meta":{"footnotes":""},"categories":[9587],"tags":[1111,47,11,1777,674,118,1011,27,12,5161,2872,25,9590,5163],"class_list":{"0":"post-429041","1":"post","2":"type-post","3":"status-publish","4":"format-standard","5":"has-post-thumbnail","7":"category-rouen","8":"tag-actu","9":"tag-actualite","10":"tag-actualites","11":"tag-eu","12":"tag-europe","13":"tag-faits-divers","14":"tag-fr","15":"tag-france","16":"tag-news","17":"tag-normandie","18":"tag-police-municipale","19":"tag-republique-francaise","20":"tag-rouen","21":"tag-seine-maritime"},"share_on_mastodon":{"url":"https:\/\/pubeurope.com\/@fr\/115294242492115294","error":""},"_links":{"self":[{"href":"https:\/\/www.europesays.com\/fr\/wp-json\/wp\/v2\/posts\/429041","targetHints":{"allow":["GET"]}}],"collection":[{"href":"https:\/\/www.europesays.com\/fr\/wp-json\/wp\/v2\/posts"}],"about":[{"href":"https:\/\/www.europesays.com\/fr\/wp-json\/wp\/v2\/types\/post"}],"author":[{"embeddable":true,"href":"https:\/\/www.europesays.com\/fr\/wp-json\/wp\/v2\/users\/2"}],"replies":[{"embeddable":true,"href":"https:\/\/www.europesays.com\/fr\/wp-json\/wp\/v2\/comments?post=429041"}],"version-history":[{"count":0,"href":"https:\/\/www.europesays.com\/fr\/wp-json\/wp\/v2\/posts\/429041\/revisions"}],"wp:featuredmedia":[{"embeddable":true,"href":"https:\/\/www.europesays.com\/fr\/wp-json\/wp\/v2\/media\/429042"}],"wp:attachment":[{"href":"https:\/\/www.europesays.com\/fr\/wp-json\/wp\/v2\/media?parent=429041"}],"wp:term":[{"taxonomy":"category","embeddable":true,"href":"https:\/\/www.europesays.com\/fr\/wp-json\/wp\/v2\/categories?post=429041"},{"taxonomy":"post_tag","embeddable":true,"href":"https:\/\/www.europesays.com\/fr\/wp-json\/wp\/v2\/tags?post=429041"}],"curies":[{"name":"wp","href":"https:\/\/api.w.org\/{rel}","templated":true}]}}