{"id":429049,"date":"2025-09-30T16:44:10","date_gmt":"2025-09-30T16:44:10","guid":{"rendered":"https:\/\/www.europesays.com\/fr\/429049\/"},"modified":"2025-09-30T16:44:10","modified_gmt":"2025-09-30T16:44:10","slug":"un-mineur-agresse-au-couteau-a-rennes-il-trouve-refuge-dans-une-boulangerie","status":"publish","type":"post","link":"https:\/\/www.europesays.com\/fr\/429049\/","title":{"rendered":"Un mineur agress\u00e9 au couteau \u00e0 Rennes\u00a0: il trouve refuge dans une boulangerie"},"content":{"rendered":"<p>Un mineur a \u00e9t\u00e9 bless\u00e9 au couteau \u00e0 Rennes ce mardi 30 septembre. L\u2019agression s\u2019est produite vers 15h15, sur le boulevard de Vitr\u00e9, \u00e0 proximit\u00e9 du m\u00e9tro Joliot-Curie &#8211; Chateaubriand.<\/p>\n<p>Touch\u00e9e au dos, la victime a pu se r\u00e9fugier dans une boulangerie \u00e0 proximit\u00e9. Ce sont les employ\u00e9s qui ont pr\u00e9venu les pompiers. Le jeune homme a ensuite pu \u00eatre pris en charge par le Samu. Ses jours ne sont pas en danger. Une enqu\u00eate a \u00e9t\u00e9 ouverte par la police pour \u00e9claircir les circonstances pr\u00e9cises des faits et retrouver l\u2019agresseur.<\/p>\n","protected":false},"excerpt":{"rendered":"Un mineur a \u00e9t\u00e9 bless\u00e9 au couteau \u00e0 Rennes ce mardi 30 septembre. L\u2019agression s\u2019est produite vers 15h15,&hellip;\n","protected":false},"author":2,"featured_media":429050,"comment_status":"","ping_status":"","sticky":false,"template":"","format":"standard","meta":{"footnotes":""},"categories":[2821],"tags":[1111,11,829,765,1777,674,118,3383,1011,27,848,12,584,25],"class_list":{"0":"post-429049","1":"post","2":"type-post","3":"status-publish","4":"format-standard","5":"has-post-thumbnail","7":"category-rennes","8":"tag-actu","9":"tag-actualites","10":"tag-bretagne","11":"tag-en-continu","12":"tag-eu","13":"tag-europe","14":"tag-faits-divers","15":"tag-faits-divers-a-rennes","16":"tag-fr","17":"tag-france","18":"tag-ille-et-vilaine","19":"tag-news","20":"tag-rennes","21":"tag-republique-francaise"},"share_on_mastodon":{"url":"https:\/\/pubeurope.com\/@fr\/115294258218228506","error":""},"_links":{"self":[{"href":"https:\/\/www.europesays.com\/fr\/wp-json\/wp\/v2\/posts\/429049","targetHints":{"allow":["GET"]}}],"collection":[{"href":"https:\/\/www.europesays.com\/fr\/wp-json\/wp\/v2\/posts"}],"about":[{"href":"https:\/\/www.europesays.com\/fr\/wp-json\/wp\/v2\/types\/post"}],"author":[{"embeddable":true,"href":"https:\/\/www.europesays.com\/fr\/wp-json\/wp\/v2\/users\/2"}],"replies":[{"embeddable":true,"href":"https:\/\/www.europesays.com\/fr\/wp-json\/wp\/v2\/comments?post=429049"}],"version-history":[{"count":0,"href":"https:\/\/www.europesays.com\/fr\/wp-json\/wp\/v2\/posts\/429049\/revisions"}],"wp:featuredmedia":[{"embeddable":true,"href":"https:\/\/www.europesays.com\/fr\/wp-json\/wp\/v2\/media\/429050"}],"wp:attachment":[{"href":"https:\/\/www.europesays.com\/fr\/wp-json\/wp\/v2\/media?parent=429049"}],"wp:term":[{"taxonomy":"category","embeddable":true,"href":"https:\/\/www.europesays.com\/fr\/wp-json\/wp\/v2\/categories?post=429049"},{"taxonomy":"post_tag","embeddable":true,"href":"https:\/\/www.europesays.com\/fr\/wp-json\/wp\/v2\/tags?post=429049"}],"curies":[{"name":"wp","href":"https:\/\/api.w.org\/{rel}","templated":true}]}}