{"id":429051,"date":"2025-09-30T16:45:11","date_gmt":"2025-09-30T16:45:11","guid":{"rendered":"https:\/\/www.europesays.com\/fr\/429051\/"},"modified":"2025-09-30T16:45:11","modified_gmt":"2025-09-30T16:45:11","slug":"un-mineur-de-13-ans-poignarde-pres-du-metro-joliot-curie-une-enquete-ouverte","status":"publish","type":"post","link":"https:\/\/www.europesays.com\/fr\/429051\/","title":{"rendered":"un mineur de 13 ans poignard\u00e9 pr\u00e8s du m\u00e9tro Joliot-Curie, une enqu\u00eate ouverte"},"content":{"rendered":"<p>            Par<br \/>\n        <strong><br \/>\n            <a href=\"https:\/\/actu.fr\/auteur\/clemence-pays02-actu-fr\" title=\"Consulter tous les articles de Cl\u00e9mence Pays\" target=\"_blank\" rel=\"noopener\">Cl\u00e9mence Pays<\/a><br \/>\n        <\/strong><\/p>\n<p>        Publi\u00e9 le<\/p>\n<p>            30 sept. 2025 \u00e0 18h41        <\/p>\n<p>Les faits ont eu lieu \u00ab\u2009dans l\u2019apr\u00e8s-midi\u2009\u00bb du mardi 30\u00a0septembre 2025, relate une source polici\u00e8re. Un jeune homme, <strong>\u00ab\u2009mineur\u2009\u00bb,<\/strong> a re\u00e7u au moins <strong>un coup de couteau<\/strong> alors qu\u2019il se trouvait\u00a0 au niveau 141 boulevard de Vitr\u00e9 \u00e0 Rennes, dans le quartier Jeanne-d\u2019Arc \u2013 Long-Champs, non loin du m\u00e9tro Joliot-Curie-Chateaubriand.<\/p>\n<p class=\" wall-content\">Selon nos confr\u00e8res de <a href=\"https:\/\/www.ouest-france.fr\/bretagne\/rennes-35000\/un-homme-poignarde-pres-du-metro-joliot-curie-chateaubriand-a-rennes-une-enquete-ouverte-98aa6e00-9e13-11f0-9269-ac82a639081c\" target=\"_blank\" rel=\"noopener\">Ouest-France<\/a>, la victime se serait r\u00e9fugi\u00e9e dans une boulangerie apr\u00e8s avoir \u00e9t\u00e9 bless\u00e9e.<\/p>\n<p>La victime \u00e0 l\u2019h\u00f4pital<\/p>\n<p class=\" wall-content\">Selon nos informations, le jeune homme a \u00e9t\u00e9 pris en charge par les secours et<strong> transport\u00e9 \u00e0 l\u2019h\u00f4pital. <\/strong>Ces jours ne seraient pas en danger.<\/p>\n<p class=\" wall-content\">Une <strong>enqu\u00eate<\/strong> a \u00e9t\u00e9 ouverte afin de d\u00e9terminer les circonstances de cette agression et retrouver l\u2019agresseur.<\/p>\n<p class=\" wall-content\">Personnalisez votre actualit\u00e9 en ajoutant vos villes et m\u00e9dias en favori avec <a href=\"https:\/\/moncompte.actu.fr\" title=\"D\u00e9couvez Mon Actu\" rel=\"nofollow noopener\" data-trk=\"{&quot;cta&quot;:{&quot;action&quot;:&quot;https:\\\/\\\/moncompte.actu.fr&quot;,&quot;category&quot;:&quot;mon compte&quot;,&quot;from&quot;:&quot;article footer&quot;,&quot;name&quot;:&quot;Mon actu&quot;,&quot;type&quot;:&quot;cta&quot;}}\" target=\"_blank\">Mon Actu<\/a>.<\/p>\n","protected":false},"excerpt":{"rendered":"Par Cl\u00e9mence Pays Publi\u00e9 le 30 sept. 2025 \u00e0 18h41 Les faits ont eu lieu \u00ab\u2009dans l\u2019apr\u00e8s-midi\u2009\u00bb du&hellip;\n","protected":false},"author":2,"featured_media":429052,"comment_status":"","ping_status":"","sticky":false,"template":"","format":"standard","meta":{"footnotes":""},"categories":[2821],"tags":[1111,11,829,1777,674,118,1011,27,12,1072,584,25],"class_list":{"0":"post-429051","1":"post","2":"type-post","3":"status-publish","4":"format-standard","5":"has-post-thumbnail","7":"category-rennes","8":"tag-actu","9":"tag-actualites","10":"tag-bretagne","11":"tag-eu","12":"tag-europe","13":"tag-faits-divers","14":"tag-fr","15":"tag-france","16":"tag-news","17":"tag-police","18":"tag-rennes","19":"tag-republique-francaise"},"share_on_mastodon":{"url":"https:\/\/pubeurope.com\/@fr\/115294262092537194","error":""},"_links":{"self":[{"href":"https:\/\/www.europesays.com\/fr\/wp-json\/wp\/v2\/posts\/429051","targetHints":{"allow":["GET"]}}],"collection":[{"href":"https:\/\/www.europesays.com\/fr\/wp-json\/wp\/v2\/posts"}],"about":[{"href":"https:\/\/www.europesays.com\/fr\/wp-json\/wp\/v2\/types\/post"}],"author":[{"embeddable":true,"href":"https:\/\/www.europesays.com\/fr\/wp-json\/wp\/v2\/users\/2"}],"replies":[{"embeddable":true,"href":"https:\/\/www.europesays.com\/fr\/wp-json\/wp\/v2\/comments?post=429051"}],"version-history":[{"count":0,"href":"https:\/\/www.europesays.com\/fr\/wp-json\/wp\/v2\/posts\/429051\/revisions"}],"wp:featuredmedia":[{"embeddable":true,"href":"https:\/\/www.europesays.com\/fr\/wp-json\/wp\/v2\/media\/429052"}],"wp:attachment":[{"href":"https:\/\/www.europesays.com\/fr\/wp-json\/wp\/v2\/media?parent=429051"}],"wp:term":[{"taxonomy":"category","embeddable":true,"href":"https:\/\/www.europesays.com\/fr\/wp-json\/wp\/v2\/categories?post=429051"},{"taxonomy":"post_tag","embeddable":true,"href":"https:\/\/www.europesays.com\/fr\/wp-json\/wp\/v2\/tags?post=429051"}],"curies":[{"name":"wp","href":"https:\/\/api.w.org\/{rel}","templated":true}]}}