{"id":429053,"date":"2025-09-30T16:46:17","date_gmt":"2025-09-30T16:46:17","guid":{"rendered":"https:\/\/www.europesays.com\/fr\/429053\/"},"modified":"2025-09-30T16:46:17","modified_gmt":"2025-09-30T16:46:17","slug":"strasbourg-berthe-diebolt-siffert-agatha-christie-les-rues-de-la-ville-se-feminisent","status":"publish","type":"post","link":"https:\/\/www.europesays.com\/fr\/429053\/","title":{"rendered":"Strasbourg. Berthe Diebolt-Siffert, Agatha Christie&#8230; les rues de la ville se f\u00e9minisent"},"content":{"rendered":"<p>Au Port-du-Rhin, les femmes \u00ab\u00a0de l\u2019industrie\u00a0\u00bb\u00a0; \u00e0 Neudorf, les navigatrices ou exploratrices\u00a0; au Neuhof, des m\u00e9decins\u2026 Du r\u00eave \u00e0 la Montagne-Verte, \u00e0 Hautepierre et \u00e0 la Robertsau, avec les impasses du Train-Bleu et de la Lorele\u00ef, ou la place Sh\u00e9h\u00e9razade (*). Les \u00e9lus strasbourgeois ont, lundi 29\u00a0septembre, valid\u00e9 les propositions de la commission de d\u00e9nomination des rues et \u00e9coles.<\/p>\n<p>Ouvrir les yeux sur des parcours inspirants<\/p>\n<p>Anim\u00e9e par l\u2019adjointe \u00e0 la culture Anne Mistler, cette instance, par sa s\u00e9lection, invite \u00e0 ouvrir les yeux sur des parcours inspirants, sur des personnalit\u00e9s. Trente-cinq nouvelles appellations ont \u00e9t\u00e9 propos\u00e9es et toutes retenues (**), dont dix \u00e9taient soumises par des citoyens&#8230;<\/p>\n","protected":false},"excerpt":{"rendered":"Au Port-du-Rhin, les femmes \u00ab\u00a0de l\u2019industrie\u00a0\u00bb\u00a0; \u00e0 Neudorf, les navigatrices ou exploratrices\u00a0; au Neuhof, des m\u00e9decins\u2026 Du r\u00eave&hellip;\n","protected":false},"author":2,"featured_media":429054,"comment_status":"","ping_status":"","sticky":false,"template":"","format":"standard","meta":{"footnotes":""},"categories":[2820],"tags":[1111,11,1984,2880,1777,674,6757,107,1011,27,775,3539,12,8387,316,25,104,640,2879],"class_list":{"0":"post-429053","1":"post","2":"type-post","3":"status-publish","4":"format-standard","5":"has-post-thumbnail","7":"category-strasbourg","8":"tag-actu","9":"tag-actualites","10":"tag-conseil-municipal","11":"tag-edition-strasbourg","12":"tag-eu","13":"tag-europe","14":"tag-feminisme","15":"tag-fil-info","16":"tag-fr","17":"tag-france","18":"tag-grand-est","19":"tag-les-ecologistes","20":"tag-news","21":"tag-parti-communiste","22":"tag-politique","23":"tag-republique-francaise","24":"tag-societe","25":"tag-strasbourg","26":"tag-strasbourg-ville"},"share_on_mastodon":{"url":"https:\/\/pubeurope.com\/@fr\/115294266076912386","error":""},"_links":{"self":[{"href":"https:\/\/www.europesays.com\/fr\/wp-json\/wp\/v2\/posts\/429053","targetHints":{"allow":["GET"]}}],"collection":[{"href":"https:\/\/www.europesays.com\/fr\/wp-json\/wp\/v2\/posts"}],"about":[{"href":"https:\/\/www.europesays.com\/fr\/wp-json\/wp\/v2\/types\/post"}],"author":[{"embeddable":true,"href":"https:\/\/www.europesays.com\/fr\/wp-json\/wp\/v2\/users\/2"}],"replies":[{"embeddable":true,"href":"https:\/\/www.europesays.com\/fr\/wp-json\/wp\/v2\/comments?post=429053"}],"version-history":[{"count":0,"href":"https:\/\/www.europesays.com\/fr\/wp-json\/wp\/v2\/posts\/429053\/revisions"}],"wp:featuredmedia":[{"embeddable":true,"href":"https:\/\/www.europesays.com\/fr\/wp-json\/wp\/v2\/media\/429054"}],"wp:attachment":[{"href":"https:\/\/www.europesays.com\/fr\/wp-json\/wp\/v2\/media?parent=429053"}],"wp:term":[{"taxonomy":"category","embeddable":true,"href":"https:\/\/www.europesays.com\/fr\/wp-json\/wp\/v2\/categories?post=429053"},{"taxonomy":"post_tag","embeddable":true,"href":"https:\/\/www.europesays.com\/fr\/wp-json\/wp\/v2\/tags?post=429053"}],"curies":[{"name":"wp","href":"https:\/\/api.w.org\/{rel}","templated":true}]}}