{"id":429067,"date":"2025-09-30T16:53:18","date_gmt":"2025-09-30T16:53:18","guid":{"rendered":"https:\/\/www.europesays.com\/fr\/429067\/"},"modified":"2025-09-30T16:53:18","modified_gmt":"2025-09-30T16:53:18","slug":"le-militant-pro-metro-mickael-baubonne-se-lance-dans-la-competition","status":"publish","type":"post","link":"https:\/\/www.europesays.com\/fr\/429067\/","title":{"rendered":"le militant pro-m\u00e9tro Micka\u00ebl Baubonne se lance dans la comp\u00e9tition"},"content":{"rendered":"<p>D\u00e9j\u00e0 tent\u00e9 par l\u2019aventure politique lors des \u00e9lections de 2020, il n\u2019avait pas saut\u00e9 le pas. Ce scrutin l\u2019a \u00e9chaud\u00e9, affirme-t-il\u00a0: \u00ab\u00a0Je pensais qu\u2019au moins un candidat allait se saisir du th\u00e8me du m\u00e9tro, mais non, ils ont tous estim\u00e9 que ce n\u2019est pas la solution. Notre \u00e9tude de 2019 a pourtant d\u00e9montr\u00e9 que c\u2019est faisable et rentable.\u00a0\u00bb M\u00eame s\u2019il consid\u00e8re que, \u00ab\u00a0\u00eatre candidat est quelque chose de vertigineux, car on mesure qu\u2019on part de rien\u00a0\u00bb, il se lance cette fois-ci. \u00ab\u00a0J\u2019ai mal v\u00e9cu 2020, je ne veux pas revivre \u00e7a, il faut y aller\u00a0!\u00a0\u00bb<\/p>\n<p>\u00ab\u00a0Lutter contre l\u2019\u00e9talement urbain\u00a0\u00bb<\/p>\n<p>Le m\u00e9tro ne pouvant constituer l\u2019unique th\u00e8me d\u2019une campagne des municipales, Micka\u00ebl Baubonne a pris soin d\u2019\u00e9largir son champ d\u2019action. \u00ab\u00a0Notre projet de m\u00e9tro a toujours \u00e9t\u00e9 pens\u00e9 dans une logique plus globale, qui est celle de l\u2019attractivit\u00e9. En 1995, Alain Jupp\u00e9 avait b\u00e2ti son projet sur un mode de transport, le tramway. Nous consid\u00e9rons aujourd\u2019hui que Bordeaux est une ville attractive, qu\u2019il faut bien accueillir les gens, les loger et lutter contre l\u2019\u00e9talement urbain. Cette attractivit\u00e9 doit \u00eatre accompagn\u00e9e.\u00a0\u00bb<\/p>\n","protected":false},"excerpt":{"rendered":"D\u00e9j\u00e0 tent\u00e9 par l\u2019aventure politique lors des \u00e9lections de 2020, il n\u2019avait pas saut\u00e9 le pas. Ce scrutin&hellip;\n","protected":false},"author":2,"featured_media":429068,"comment_status":"","ping_status":"","sticky":false,"template":"","format":"standard","meta":{"footnotes":""},"categories":[2817],"tags":[1111,11,1997,1777,674,1011,27,12,2219,25],"class_list":{"0":"post-429067","1":"post","2":"type-post","3":"status-publish","4":"format-standard","5":"has-post-thumbnail","7":"category-bordeaux","8":"tag-actu","9":"tag-actualites","10":"tag-bordeaux","11":"tag-eu","12":"tag-europe","13":"tag-fr","14":"tag-france","15":"tag-news","16":"tag-nouvelle-aquitaine","17":"tag-republique-francaise"},"share_on_mastodon":{"url":"https:\/\/pubeurope.com\/@fr\/115294293703809823","error":""},"_links":{"self":[{"href":"https:\/\/www.europesays.com\/fr\/wp-json\/wp\/v2\/posts\/429067","targetHints":{"allow":["GET"]}}],"collection":[{"href":"https:\/\/www.europesays.com\/fr\/wp-json\/wp\/v2\/posts"}],"about":[{"href":"https:\/\/www.europesays.com\/fr\/wp-json\/wp\/v2\/types\/post"}],"author":[{"embeddable":true,"href":"https:\/\/www.europesays.com\/fr\/wp-json\/wp\/v2\/users\/2"}],"replies":[{"embeddable":true,"href":"https:\/\/www.europesays.com\/fr\/wp-json\/wp\/v2\/comments?post=429067"}],"version-history":[{"count":0,"href":"https:\/\/www.europesays.com\/fr\/wp-json\/wp\/v2\/posts\/429067\/revisions"}],"wp:featuredmedia":[{"embeddable":true,"href":"https:\/\/www.europesays.com\/fr\/wp-json\/wp\/v2\/media\/429068"}],"wp:attachment":[{"href":"https:\/\/www.europesays.com\/fr\/wp-json\/wp\/v2\/media?parent=429067"}],"wp:term":[{"taxonomy":"category","embeddable":true,"href":"https:\/\/www.europesays.com\/fr\/wp-json\/wp\/v2\/categories?post=429067"},{"taxonomy":"post_tag","embeddable":true,"href":"https:\/\/www.europesays.com\/fr\/wp-json\/wp\/v2\/tags?post=429067"}],"curies":[{"name":"wp","href":"https:\/\/api.w.org\/{rel}","templated":true}]}}