{"id":429073,"date":"2025-09-30T16:56:13","date_gmt":"2025-09-30T16:56:13","guid":{"rendered":"https:\/\/www.europesays.com\/fr\/429073\/"},"modified":"2025-09-30T16:56:13","modified_gmt":"2025-09-30T16:56:13","slug":"un-mini-food-court-ouvre-pres-de-la-rue-de-bethune","status":"publish","type":"post","link":"https:\/\/www.europesays.com\/fr\/429073\/","title":{"rendered":"un mini food court ouvre pr\u00e8s de la rue de B\u00e9thune"},"content":{"rendered":"<p>            Par<br \/>\n        <strong><br \/>\n            <a href=\"https:\/\/actu.fr\/auteur\/hervine-mahaud\" title=\"Consulter tous les articles de Hervine Mahaud\" target=\"_blank\" rel=\"noopener\">Hervine Mahaud<\/a><br \/>\n        <\/strong><\/p>\n<p>        Publi\u00e9 le<\/p>\n<p>            30 sept. 2025 \u00e0 18h27        <\/p>\n<p>Des <b>bagels<\/b>, des <b>pizzas<\/b>, des <b>mezz\u00e9s<\/b> et des <b>brunchs<\/b>. Tout cela pr\u00e9par\u00e9 dans une m\u00eame cuisine et servi dans un lieu spacieux. Voici ce que l\u2019on retrouve au <b>Quartier G\u00e9n\u00e9ral<\/b>, un <b>mini food court<\/b> ouvert depuis le 1er septembre 2025, pr\u00e8s de la <b>rue de B\u00e9thune<\/b>, \u00e0 <a href=\"https:\/\/actu.fr\/hauts-de-france\/lille_59350\" target=\"_blank\" rel=\"noopener\">Lille<\/a>. Ici, <b>quatre restaurants de street food <\/b>proposent leurs <b>plats faits maison<\/b>, pr\u00e9par\u00e9s \u00e0 partir de <b>produits frais<\/b>. Ce nouveau spot gourmand sur trois niveaux dispose aussi de son propre bar.<\/p>\n<p>Un mini food court en plein centre de Lille\u00a0<\/p>\n<p class=\" wall-content\">Si vous passez r\u00e9guli\u00e8rement rue d\u2019Amiens, un axe discret reliant la rue de B\u00e9thune \u00e0 la rue du Molinel, vous avez d\u00e9j\u00e0 forc\u00e9ment vu ce local. Il a longtemps abrit\u00e9 un restaurant indien. Laiss\u00e9 \u00e0 l\u2019abandon depuis la fermeture, le lieu vient de faire peau neuve apr\u00e8s <b>plusieurs semaines de travaux<\/b>. \u00c0 l\u2019int\u00e9rieur, on retrouve <b>trois salles sur trois niveaux<\/b> (un rez-de-chauss\u00e9e et deux niveaux sup\u00e9rieurs).<\/p>\n<p>    <img   decoding=\"async\" loading=\"lazy\" class=\"size-large\" src=\"https:\/\/www.europesays.com\/fr\/wp-content\/uploads\/2025\/09\/dcef4792ebd864bff4792ebd843205v-960x640.jpg\" alt=\"food court quartier general lille restaurants street food bar\" width=\"960\" height=\"640\"\/><br \/>\n    Le nouveau de food court de la rue d\u2019Amiens dispose de trois salles, sur trois niveaux. \u00a9Hervine Mahaud<\/p>\n<p class=\" wall-content\">Ce renouveau, on le doit \u00e0 Clim Venhorst. Cet entrepreneur dans la restauration poss\u00e8de <a href=\"https:\/\/actu.fr\/occitanie\/cornebarrieu_31150\/pres-de-toulouse-cette-halle-gourmande-propose-un-concept-inedit-et-peut-meme-etre-privatisee_63217568.html\" target=\"_blank\" rel=\"noopener\">plusieurs restaurants, notamment \u00e0 Toulouse<\/a>. \u00c0 Lille, il a ouvert deux stands \u2013 Boba et Les Filous \u2013 chez <a href=\"https:\/\/actu.fr\/hauts-de-france\/lille_59350\/naans-street-food-grecque-salades-3-nouveaux-restaurants-ouvrent-chez-kitchen-market-a-lille_60273684.html\" target=\"_blank\" rel=\"noopener\">Kitchen Market<\/a>, le food court de la rue des Tanneurs. Il a attendu de se roder avant de se lancer. \u00ab\u00a0Cela faisait un moment qu\u2019il voulait ouvrir son propre mini food court \u00e0 Lille\u00a0\u00bb, explique Adrien Wodey, en charge de la communication.\u00a0<\/p>\n<p class=\" wall-content\">Mais plut\u00f4t que d\u2019ouvrir un lieu avec une dizaine de marques diff\u00e9rentes, comme ce que fait la concurrence, le restaurateur se limite \u00e0 quatre marques, pens\u00e9es pour s\u00e9duire les consommateurs. \u00ab\u00a0Les quatre restaurants que l\u2019on retrouve ici sont uniquement ses concepts. Le point fort, c\u2019est de pouvoir s\u2019adapter rapidement si besoin.\u00a0\u00bb<\/p>\n<p class=\" wall-content\">Le food court comprend une <b>cuisine unique<\/b> o\u00f9 sont pr\u00e9par\u00e9s tous les plats des diff\u00e9rentes marques. Il y a aussi un <b>bar<\/b> o\u00f9 trois <b>bi\u00e8res pression<\/b> (une blonde, une IPA, une triple) et des softs sont propos\u00e9s. Bon \u00e0 savoir : il est possible de <b>privatiser<\/b> un \u00e9tage, ou plus, pour un \u00e9v\u00e9nement. C\u2019est gratuit, il suffit juste de consommer sur place.<\/p>\n<p>Quatre restos, un m\u00eame lieu<\/p>\n<p class=\" wall-content\">Quartier G\u00e9n\u00e9ral a ouvert le 1er septembre, pile \u00e0 temps pour la <a href=\"https:\/\/actu.fr\/tag\/braderie-de-lille\" target=\"_blank\" rel=\"noopener\">Braderie de Lille<\/a>. D\u00e8s le lancement, il \u00e9tait possible de se r\u00e9galer avec les <b>bagels de Boba<\/b>, auparavant propos\u00e9s chez Kitchen Market. Quatre recettes intemporelles (saumon fum\u00e9, ch\u00e8vre miel, crispy poulet ou pastrami) sont propos\u00e9es, ainsi qu\u2019une \u00e9ph\u00e9m\u00e8re.\u00a0<\/p>\n<p>Votre r\u00e9gion, votre actu !<\/p>\n<p>Recevez chaque jour les infos qui comptent pour vous.<\/p>\n<p>\t<a href=\"https:\/\/actu.fr\/newsletter\" class=\"ac-btn ac-btn--corner ac-btn--medium ac-btn--blue800\" target=\"_blank\" rel=\"noopener\">S&rsquo;incrire<\/a><\/p>\n<p class=\" wall-content\"><a href=\"https:\/\/www.instagram.com\/p\/DG3ZvIrvq5k\/embed\" title=\"Ouvrir le lien sur Instagram\" target=\"_blank\" rel=\"noopener\">Visualiser le contenu sur Instagram<\/a><\/p>\n<p class=\" wall-content\">L\u2019offre s\u2019est ensuite \u00e9toff\u00e9e d\u00e8s le 19 septembre avec le lancement de <b>Back to Beirut, resto libanais<\/b> proposant de savoureux sandwichs (falafel, chawarma boeuf ou poulet, kefta) ainsi que des mezzes.<\/p>\n<p class=\" wall-content\"><a href=\"https:\/\/www.instagram.com\/p\/DOybN1rDI10\/embed\" title=\"Ouvrir le lien sur Instagram\" target=\"_blank\" rel=\"noopener\">Visualiser le contenu sur Instagram<\/a><\/p>\n<p class=\" wall-content\">\u00c0 partir de d\u00e9but octobre, les <b>pizzas romaines de Fratelli<\/b> feront leur entr\u00e9e. Six recettes simples, mais efficaces, seront disponibles : \u00e0 la truffe, \u00e0 la saucisse piquante, Regina, aux cinq fromages, une Margherita et enfin une autre au jambon de Parme.<\/p>\n<p class=\" wall-content\">Enfin, derni\u00e8re proposition et non des moindres, l\u2019enseigne <b>BB Brunch<\/b>. Comme son nom le laisser \u00e0 penser, elle proposera des brunchs chaque dimanche, \u00e0 partir de fin octobre. Une formule \u00e0 26 \u20ac, comprenant une boisson chaude et une fra\u00eeche, un plat sal\u00e9 et un dessert, sera mise en place. On aura alors l\u2019occasion de se r\u00e9galer de piles de pancakes au bacon et au cheddar ou de \u00ab\u00a0waffle burger\u00a0\u00bb avec du poulet frit.<\/p>\n<p class=\" wall-content\">\u00ab\u00a0Les menus vont \u00e9voluer r\u00e9guli\u00e8rement, en fonction des saisons. Tout est fait maison, sur place, et avec des produits frais\u00a0\u00bb, indique le food court. De quoi donner une raison suppl\u00e9mentaire d\u2019aller d\u00e9couvrir ce nouveau lieu !<\/p>\n<p>Infos pratiques : Quartier G\u00e9n\u00e9ral, 14 rue d\u2019Amiens \u00e0 Lille. Ouvert de 12h \u00e0 14h et de 18h30 \u00e0 21h30, du lundi au samedi et le dimanche pour le brunch (\u00e0 venir). Plus d\u2019infos sur le <a href=\"https:\/\/www.instagram.com\/quartiergeneral.lille\/?hl=fr\" target=\"_blank\" rel=\"noopener\">compte Instagram du food court<\/a>.<\/p>\n<p class=\" wall-content\">Personnalisez votre actualit\u00e9 en ajoutant vos villes et m\u00e9dias en favori avec <a href=\"https:\/\/moncompte.actu.fr\" title=\"D\u00e9couvez Mon Actu\" rel=\"nofollow noopener\" data-trk=\"{&quot;cta&quot;:{&quot;action&quot;:&quot;https:\\\/\\\/moncompte.actu.fr&quot;,&quot;category&quot;:&quot;mon compte&quot;,&quot;from&quot;:&quot;article footer&quot;,&quot;name&quot;:&quot;Mon actu&quot;,&quot;type&quot;:&quot;cta&quot;}}\" target=\"_blank\">Mon Actu<\/a>.<\/p>\n<p>                    <script async src=\"\/\/www.instagram.com\/embed.js\"><\/script><\/p>\n","protected":false},"excerpt":{"rendered":"Par Hervine Mahaud Publi\u00e9 le 30 sept. 2025 \u00e0 18h27 Des bagels, des pizzas, des mezz\u00e9s et des&hellip;\n","protected":false},"author":2,"featured_media":429074,"comment_status":"","ping_status":"","sticky":false,"template":"","format":"standard","meta":{"footnotes":""},"categories":[2815],"tags":[1111,11,33,1777,674,1011,27,811,1307,12,3147,25,1340,10479],"class_list":{"0":"post-429073","1":"post","2":"type-post","3":"status-publish","4":"format-standard","5":"has-post-thumbnail","7":"category-lille","8":"tag-actu","9":"tag-actualites","10":"tag-economie","11":"tag-eu","12":"tag-europe","13":"tag-fr","14":"tag-france","15":"tag-hauts-de-france","16":"tag-lille","17":"tag-news","18":"tag-nouveaux-commerces","19":"tag-republique-francaise","20":"tag-restaurant","21":"tag-street-food"},"share_on_mastodon":{"url":"https:\/\/pubeurope.com\/@fr\/115294305981287528","error":""},"_links":{"self":[{"href":"https:\/\/www.europesays.com\/fr\/wp-json\/wp\/v2\/posts\/429073","targetHints":{"allow":["GET"]}}],"collection":[{"href":"https:\/\/www.europesays.com\/fr\/wp-json\/wp\/v2\/posts"}],"about":[{"href":"https:\/\/www.europesays.com\/fr\/wp-json\/wp\/v2\/types\/post"}],"author":[{"embeddable":true,"href":"https:\/\/www.europesays.com\/fr\/wp-json\/wp\/v2\/users\/2"}],"replies":[{"embeddable":true,"href":"https:\/\/www.europesays.com\/fr\/wp-json\/wp\/v2\/comments?post=429073"}],"version-history":[{"count":0,"href":"https:\/\/www.europesays.com\/fr\/wp-json\/wp\/v2\/posts\/429073\/revisions"}],"wp:featuredmedia":[{"embeddable":true,"href":"https:\/\/www.europesays.com\/fr\/wp-json\/wp\/v2\/media\/429074"}],"wp:attachment":[{"href":"https:\/\/www.europesays.com\/fr\/wp-json\/wp\/v2\/media?parent=429073"}],"wp:term":[{"taxonomy":"category","embeddable":true,"href":"https:\/\/www.europesays.com\/fr\/wp-json\/wp\/v2\/categories?post=429073"},{"taxonomy":"post_tag","embeddable":true,"href":"https:\/\/www.europesays.com\/fr\/wp-json\/wp\/v2\/tags?post=429073"}],"curies":[{"name":"wp","href":"https:\/\/api.w.org\/{rel}","templated":true}]}}