{"id":429081,"date":"2025-09-30T17:00:11","date_gmt":"2025-09-30T17:00:11","guid":{"rendered":"https:\/\/www.europesays.com\/fr\/429081\/"},"modified":"2025-09-30T17:00:11","modified_gmt":"2025-09-30T17:00:11","slug":"rhone-molly-mayfield-barbee-nouvelle-consule-des-etats-unis-a-lyon","status":"publish","type":"post","link":"https:\/\/www.europesays.com\/fr\/429081\/","title":{"rendered":"Rh\u00f4ne. Molly Mayfield Barbee, nouvelle consule des \u00c9tats-Unis \u00e0 Lyon"},"content":{"rendered":"<p>Apr\u00e8s le d\u00e9part de Richard Johns, une nouvelle consule des \u00c9tats-Unis a pris ses fonctions cet \u00e9t\u00e9 \u00e0 Lyon. Molly Mayfield Barbee est originaire du Colorado et a rejoint le D\u00e9partement d\u2018\u00c9tat en 2011. Apr\u00e8s ses premi\u00e8res missions \u00e0 Bagdad et J\u00e9rusalem, elle a travaill\u00e9 au bureau de veille du D\u00e9partement d\u2019\u00c9tat avant de servir comme officier politique \u00e0 Amman (Jordanie) de 2015 \u00e0 2019. Elle parle arabe et fran\u00e7ais.<\/p>\n<p>De 2019 \u00e0 2022, elle a coordonn\u00e9 \u00e0 l\u2019ambassade am\u00e9ricaine d\u2019Alger les activit\u00e9s d\u2019assistance \u00e9trang\u00e8re des \u00c9tats-Unis, incluant des initiatives \u00e9conomiques, humanitaires et de coop\u00e9ration culturelle en Alg\u00e9rie. Depuis 2022, elle \u00e9tait en poste \u00e0 Bruxelles comme cheffe de cabinet \u00e0 la Mission des \u00c9tats-Unis aupr\u00e8s de l\u2019Union Europ\u00e9enne.<\/p>\n<p>  Plus de cinquante consuls am\u00e9ricains pass\u00e9s par Lyon<\/p>\n<p>Rappelons que depuis 1826, plus de cinquante consuls sont venus repr\u00e9senter les \u00c9tats-Unis \u00e0 Lyon. Le premier fut l\u2019\u00e9crivain am\u00e9ricain James Fenimore Cooper, auteur du  Dernier des Mohicans . Le consulat des \u00c9tats-Unis \u00e0 Lyon couvre les r\u00e9gions Auvergne-Rh\u00f4ne-Alpes et Bourgogne-Franche-Comt\u00e9, o\u00f9 sont implant\u00e9es environ 800 entreprises ayant des liens outre-Atlantique.<\/p>\n<p>Comme le souligne Molly Mayfield Barbee, \u00ab\u00a0le consulat\u00a0a pour missions principales de promouvoir et faciliter les \u00e9changes commerciaux entre les \u00c9tats-Unis et la France et de mieux faire conna\u00eetre la culture, la politique et la soci\u00e9t\u00e9 am\u00e9ricaines aupr\u00e8s du public fran\u00e7ais. En 2026, le consulat de Lyon c\u00e9l\u00e9brera les 250 ans des Etats-Unis\u00a0\u00bb.<\/p>\n","protected":false},"excerpt":{"rendered":"Apr\u00e8s le d\u00e9part de Richard Johns, une nouvelle consule des \u00c9tats-Unis a pris ses fonctions cet \u00e9t\u00e9 \u00e0&hellip;\n","protected":false},"author":2,"featured_media":429082,"comment_status":"","ping_status":"","sticky":false,"template":"","format":"standard","meta":{"footnotes":""},"categories":[1889],"tags":[1111,11,2430,2757,1777,674,1011,27,2428,12,316,25,2429],"class_list":{"0":"post-429081","1":"post","2":"type-post","3":"status-publish","4":"format-standard","5":"has-post-thumbnail","7":"category-lyon","8":"tag-actu","9":"tag-actualites","10":"tag-auvergne-rhone-alpes","11":"tag-edition-lyon-villeurbanne","12":"tag-eu","13":"tag-europe","14":"tag-fr","15":"tag-france","16":"tag-lyon","17":"tag-news","18":"tag-politique","19":"tag-republique-francaise","20":"tag-rhone"},"share_on_mastodon":{"url":"https:\/\/pubeurope.com\/@fr\/115294321235240501","error":""},"_links":{"self":[{"href":"https:\/\/www.europesays.com\/fr\/wp-json\/wp\/v2\/posts\/429081","targetHints":{"allow":["GET"]}}],"collection":[{"href":"https:\/\/www.europesays.com\/fr\/wp-json\/wp\/v2\/posts"}],"about":[{"href":"https:\/\/www.europesays.com\/fr\/wp-json\/wp\/v2\/types\/post"}],"author":[{"embeddable":true,"href":"https:\/\/www.europesays.com\/fr\/wp-json\/wp\/v2\/users\/2"}],"replies":[{"embeddable":true,"href":"https:\/\/www.europesays.com\/fr\/wp-json\/wp\/v2\/comments?post=429081"}],"version-history":[{"count":0,"href":"https:\/\/www.europesays.com\/fr\/wp-json\/wp\/v2\/posts\/429081\/revisions"}],"wp:featuredmedia":[{"embeddable":true,"href":"https:\/\/www.europesays.com\/fr\/wp-json\/wp\/v2\/media\/429082"}],"wp:attachment":[{"href":"https:\/\/www.europesays.com\/fr\/wp-json\/wp\/v2\/media?parent=429081"}],"wp:term":[{"taxonomy":"category","embeddable":true,"href":"https:\/\/www.europesays.com\/fr\/wp-json\/wp\/v2\/categories?post=429081"},{"taxonomy":"post_tag","embeddable":true,"href":"https:\/\/www.europesays.com\/fr\/wp-json\/wp\/v2\/tags?post=429081"}],"curies":[{"name":"wp","href":"https:\/\/api.w.org\/{rel}","templated":true}]}}