{"id":429087,"date":"2025-09-30T17:03:13","date_gmt":"2025-09-30T17:03:13","guid":{"rendered":"https:\/\/www.europesays.com\/fr\/429087\/"},"modified":"2025-09-30T17:03:13","modified_gmt":"2025-09-30T17:03:13","slug":"auvergne-rhone-alpes-moins-quen-ile-de-france-des-cadres-surrepresentes-comment-la-region-teletravaille","status":"publish","type":"post","link":"https:\/\/www.europesays.com\/fr\/429087\/","title":{"rendered":"Auvergne Rh\u00f4ne-Alpes. Moins qu\u2019en \u00cele-de-France, des cadres surrepr\u00e9sent\u00e9s&#8230; Comment la r\u00e9gion t\u00e9l\u00e9travaille"},"content":{"rendered":"<p>C\u2019est sans doute l\u2019un des h\u00e9ritages les plus perceptibles de la crise du Covid-19. En 2020, des millions de Fran\u00e7ais dont le m\u00e9tier \u00e9tait compatible ont d\u00e9couvert le t\u00e9l\u00e9travail \u00e0 l&rsquo;occasion du confinement.<\/p>\n<p>En 2019, seuls 4\u00a0% des salari\u00e9s pratiquaient le t\u00e9l\u00e9travail au moins une fois par mois. En 2024, ils \u00e9taient plus d&rsquo;un sur cinq (22\u00a0%) selon <a href=\"https:\/\/www.insee.fr\/fr\/statistiques\/8379375\" target=\"_blank\" rel=\"noopener\">une \u00e9tude<\/a> de l&rsquo;Institut national de la statistique et des \u00e9tudes \u00e9conomiques (Insee) de mars dernier.<\/p>\n<p>Des chiffres r\u00e9gionaux de l&rsquo;Insee publi\u00e9s ce 30 septembre indiquent qu&rsquo;au cours des ann\u00e9es 2023 et 2024, ce sont en moyenne 21\u00a0% des salari\u00e9s qui ont t\u00e9l\u00e9travaill\u00e9 au moins une fois par mois en Auvergne Rh\u00f4ne-Alpes. Le t\u00e9l\u00e9travail repr\u00e9sente 9\u00a0% des jours travaill\u00e9s dans la r\u00e9gion entre 2023 et 2024.<\/p>\n<p>Moins de t\u00e9l\u00e9travail qu&rsquo;en \u00cele-de-France, mais plus qu&rsquo;en province<\/p>\n<p>34\u00a0% des salari\u00e9s de la r\u00e9gion d\u00e9clarent que <a href=\"https:\/\/www.leprogres.fr\/societe\/2024\/10\/23\/le-teletravail-est-il-menace-en-france-il-y-a-une-volonte-de-mieux-l-organiser\" target=\"_blank\" rel=\"noopener\">leur emploi est compatible avec le t\u00e9l\u00e9travail<\/a>. Ainsi, environ six salari\u00e9s sur dix qui d\u00e9clarent pouvoir t\u00e9l\u00e9travailler le font effectivement.<\/p>\n<p>Parmi les salari\u00e9s d&rsquo;Auvergne Rh\u00f4ne-Alpes ayant t\u00e9l\u00e9travaill\u00e9, 67% l&rsquo;ont fait entre un et deux jours par semaine, 19% trois jours ou plus et 14% moins d&rsquo;un jour.\u00a0Dans pr\u00e8s de trois cas sur quatre, ce nombre de jours hebdomadaire correspond aux souhaits des salari\u00e9s. Pour autant, 20\u00a0% aimeraient t\u00e9l\u00e9travailler plus et seulement 3\u00a0% <a href=\"https:\/\/www.leprogres.fr\/societe\/2024\/10\/22\/ces-salaries-qui-veulent-retourner-au-bureau-je-ne-supporte-plus-le-teletravail\" target=\"_blank\" rel=\"noopener\">souhaiteraient le faire moins<\/a>.<\/p>\n<p>La part de t\u00e9l\u00e9travailleurs en Auvergne Rh\u00f4ne-Alpes (21 %) est bien moins \u00e9lev\u00e9e qu&rsquo;en \u00cele-de-France (36 %) mais plus importante que dans la France de province (18 %). Une situation qui s&rsquo;explique par la part d&#8217;emplois per\u00e7us comme compatibles avec le t\u00e9l\u00e9travail\u00a0: elle atteint 47 % en \u00cele-de-France (contre 34 % en Auvergne Rh\u00f4ne-Alpes), mais ne s&rsquo;\u00e9l\u00e8ve qu&rsquo;\u00e0 29 % en province.<\/p>\n<p>  Trois t\u00e9l\u00e9travailleurs sur cinq sont des cadres<\/p>\n<p>Le fait de t\u00e9l\u00e9travailler ou non d\u00e9pend de nombreux facteurs : l&rsquo;anciennet\u00e9 du salari\u00e9 (51\u00a0% des salari\u00e9s en emploi depuis moins d&rsquo;un an pratiquent effectivement le t\u00e9l\u00e9travail contre 66\u00a0% des autres), la taille de son entreprise (69 % des salari\u00e9s avec un emploi compatible pratiquent le t\u00e9l\u00e9travail, contre 54 % pour les entreprises de taille inf\u00e9rieure), son lieu de r\u00e9sidence (78\u00a0% de ceux qui r\u00e9sident hors du d\u00e9partement de leur lieu de travail et ont un emploi compatible avec le t\u00e9l\u00e9travail le pratiquent, contre 59\u00a0% pour les autres)&#8230;<\/p>\n<p>Les cadres sont surrepr\u00e9sent\u00e9s : leur emploi est plus souvent compatible avec le t\u00e9l\u00e9travail, et ils saisissent plus souvent cette possibilit\u00e9. Trois t\u00e9l\u00e9travailleurs sur cinq sont des cadres ou en Auvergne Rh\u00f4ne-Alpes (61\u00a0%), alors que les professions intellectuelles sup\u00e9rieures ne repr\u00e9sentent que 24\u00a0% des salari\u00e9s.<\/p>\n","protected":false},"excerpt":{"rendered":"C\u2019est sans doute l\u2019un des h\u00e9ritages les plus perceptibles de la crise du Covid-19. En 2020, des millions&hellip;\n","protected":false},"author":2,"featured_media":429088,"comment_status":"","ping_status":"","sticky":false,"template":"","format":"standard","meta":{"footnotes":""},"categories":[1592],"tags":[1111,11,2738,2430,33,341,1777,674,107,1011,27,4002,662,3367,12,626,25,2429,273,801,104],"class_list":{"0":"post-429087","1":"post","2":"type-post","3":"status-publish","4":"format-standard","5":"has-post-thumbnail","7":"category-ile-de-france","8":"tag-actu","9":"tag-actualites","10":"tag-ain","11":"tag-auvergne-rhone-alpes","12":"tag-economie","13":"tag-emploi","14":"tag-eu","15":"tag-europe","16":"tag-fil-info","17":"tag-fr","18":"tag-france","19":"tag-haute-loire","20":"tag-ile-de-france","21":"tag-loire","22":"tag-news","23":"tag-paris","24":"tag-republique-francaise","25":"tag-rhone","26":"tag-selection-de-la-redaction","27":"tag-social","28":"tag-societe"},"share_on_mastodon":{"url":"https:\/\/pubeurope.com\/@fr\/115294332944546639","error":""},"_links":{"self":[{"href":"https:\/\/www.europesays.com\/fr\/wp-json\/wp\/v2\/posts\/429087","targetHints":{"allow":["GET"]}}],"collection":[{"href":"https:\/\/www.europesays.com\/fr\/wp-json\/wp\/v2\/posts"}],"about":[{"href":"https:\/\/www.europesays.com\/fr\/wp-json\/wp\/v2\/types\/post"}],"author":[{"embeddable":true,"href":"https:\/\/www.europesays.com\/fr\/wp-json\/wp\/v2\/users\/2"}],"replies":[{"embeddable":true,"href":"https:\/\/www.europesays.com\/fr\/wp-json\/wp\/v2\/comments?post=429087"}],"version-history":[{"count":0,"href":"https:\/\/www.europesays.com\/fr\/wp-json\/wp\/v2\/posts\/429087\/revisions"}],"wp:featuredmedia":[{"embeddable":true,"href":"https:\/\/www.europesays.com\/fr\/wp-json\/wp\/v2\/media\/429088"}],"wp:attachment":[{"href":"https:\/\/www.europesays.com\/fr\/wp-json\/wp\/v2\/media?parent=429087"}],"wp:term":[{"taxonomy":"category","embeddable":true,"href":"https:\/\/www.europesays.com\/fr\/wp-json\/wp\/v2\/categories?post=429087"},{"taxonomy":"post_tag","embeddable":true,"href":"https:\/\/www.europesays.com\/fr\/wp-json\/wp\/v2\/tags?post=429087"}],"curies":[{"name":"wp","href":"https:\/\/api.w.org\/{rel}","templated":true}]}}