{"id":429089,"date":"2025-09-30T17:04:13","date_gmt":"2025-09-30T17:04:13","guid":{"rendered":"https:\/\/www.europesays.com\/fr\/429089\/"},"modified":"2025-09-30T17:04:13","modified_gmt":"2025-09-30T17:04:13","slug":"a-la-ratp-et-a-la-sncf-de-faibles-perturbations-prevues","status":"publish","type":"post","link":"https:\/\/www.europesays.com\/fr\/429089\/","title":{"rendered":"\u00e0 la RATP et \u00e0 la SNCF, de faibles perturbations pr\u00e9vues"},"content":{"rendered":"<p>                          <img loading=\"lazy\" decoding=\"async\" src=\"https:\/\/www.europesays.com\/fr\/wp-content\/uploads\/2025\/09\/9189489_upload-1-24xzjq0fma9p-000-34u33x4.jpg\" alt=\"A la station Mairie des Lilas, \u00e0 l\u2019est de Paris, le 28\u00a0mai 2024.\"   width=\"664\" height=\"443\"\/>    A la station Mairie des Lilas, \u00e0 l\u2019est de Paris, le 28\u00a0mai 2024.  SAMI KARAALI \/ AFP                            <\/p>\n<p class=\"article__paragraph  \">Les perturbations sur les r\u00e9seaux de la RATP et de la SNCF seront nettement moins importantes, jeudi 2\u00a0octobre, par rapport aux deux journ\u00e9es pr\u00e9c\u00e9dentes des 10\u00a0et 18\u00a0septembre.<\/p>\n<p class=\"article__paragraph  \">La SNCF pr\u00e9voit un trafic normal sur les TGV mais \u00ab\u00a0quelques circulations perturb\u00e9es\u00a0\u00bb sur les TER, ainsi que sur Intercit\u00e9s.<\/p>\n<p class=\"article__paragraph  \">En r\u00e9gion parisienne, la RATP ne pr\u00e9voit \u00ab\u00a0aucun impact notable\u00a0\u00bb du mouvement social \u00e0 l\u2019\u00e9chelle du r\u00e9seau de m\u00e9tro, tramway et bus. En particulier, la RATP et la SNCF pr\u00e9voient un trafic quasi normal sur les RER A et B.<\/p>\n<p class=\"article__paragraph  \">En revanche, la circulation du RER C et du Transilien H sera l\u00e9g\u00e8rement perturb\u00e9e. Seuls les usagers des RER D et E, ainsi que ceux des Transilien L, N, R, U et ceux de quelques lignes de bus de grande couronne, devront faire face \u00e0 un \u00ab\u00a0trafic perturb\u00e9\u00a0\u00bb.<\/p>\n<p class=\"article__paragraph  \">Les quatre syndicats repr\u00e9sentatifs des agents de la SNCF (CGT, UNSA-Ferroviaire, SUD-Rail et CFDT) et ceux de la RATP (CGT FO, UNSA et CFE-CGC) avaient appel\u00e9 les salari\u00e9s \u00e0 rejoindre massivement la mobilisation.<\/p>\n<p class=\"article__author-container\"> <a class=\"article__author-link\" href=\"https:\/\/www.lemonde.fr\/signataires\/jonathan-pariente\/\" rel=\"nofollow noopener\" target=\"_blank\"> Jonathan Parient\u00e9<\/a>  <\/p>\n<p>                  <a href=\"https:\/\/www.lemonde.fr\/syndication\/\" class=\"reuse__content\" title=\"R\u00e9utiliser ce contenu\" target=\"_blank\" rel=\"nofollow noopener\">R\u00e9utiliser ce contenu<\/a>      <\/p>\n","protected":false},"excerpt":{"rendered":"A la station Mairie des Lilas, \u00e0 l\u2019est de Paris, le 28\u00a0mai 2024. SAMI KARAALI \/ AFP Les&hellip;\n","protected":false},"author":2,"featured_media":429090,"comment_status":"","ping_status":"","sticky":false,"template":"","format":"standard","meta":{"footnotes":""},"categories":[1888],"tags":[1111,1928,11,1927,1777,674,1011,27,12,1926,626,1925,25],"class_list":{"0":"post-429089","1":"post","2":"type-post","3":"status-publish","4":"format-standard","5":"has-post-thumbnail","7":"category-paris","8":"tag-actu","9":"tag-actu-paris","10":"tag-actualites","11":"tag-actualites-paris","12":"tag-eu","13":"tag-europe","14":"tag-fr","15":"tag-france","16":"tag-news","17":"tag-news-paris","18":"tag-paris","19":"tag-paris-news","20":"tag-republique-francaise"},"share_on_mastodon":{"url":"https:\/\/pubeurope.com\/@fr\/115294337643312163","error":""},"_links":{"self":[{"href":"https:\/\/www.europesays.com\/fr\/wp-json\/wp\/v2\/posts\/429089","targetHints":{"allow":["GET"]}}],"collection":[{"href":"https:\/\/www.europesays.com\/fr\/wp-json\/wp\/v2\/posts"}],"about":[{"href":"https:\/\/www.europesays.com\/fr\/wp-json\/wp\/v2\/types\/post"}],"author":[{"embeddable":true,"href":"https:\/\/www.europesays.com\/fr\/wp-json\/wp\/v2\/users\/2"}],"replies":[{"embeddable":true,"href":"https:\/\/www.europesays.com\/fr\/wp-json\/wp\/v2\/comments?post=429089"}],"version-history":[{"count":0,"href":"https:\/\/www.europesays.com\/fr\/wp-json\/wp\/v2\/posts\/429089\/revisions"}],"wp:featuredmedia":[{"embeddable":true,"href":"https:\/\/www.europesays.com\/fr\/wp-json\/wp\/v2\/media\/429090"}],"wp:attachment":[{"href":"https:\/\/www.europesays.com\/fr\/wp-json\/wp\/v2\/media?parent=429089"}],"wp:term":[{"taxonomy":"category","embeddable":true,"href":"https:\/\/www.europesays.com\/fr\/wp-json\/wp\/v2\/categories?post=429089"},{"taxonomy":"post_tag","embeddable":true,"href":"https:\/\/www.europesays.com\/fr\/wp-json\/wp\/v2\/tags?post=429089"}],"curies":[{"name":"wp","href":"https:\/\/api.w.org\/{rel}","templated":true}]}}