{"id":429091,"date":"2025-09-30T17:05:13","date_gmt":"2025-09-30T17:05:13","guid":{"rendered":"https:\/\/www.europesays.com\/fr\/429091\/"},"modified":"2025-09-30T17:05:13","modified_gmt":"2025-09-30T17:05:13","slug":"lhotel-masse-vient-douvrir-ses-portes-dans-le-quartier-de-pigalle-a-paris","status":"publish","type":"post","link":"https:\/\/www.europesays.com\/fr\/429091\/","title":{"rendered":"L&rsquo;H\u00f4tel Mass\u00e9 vient d&rsquo;ouvrir ses portes dans le quartier de Pigalle \u00e0 Paris"},"content":{"rendered":"<p>Alternative aux palaces parisiens et autres cha\u00eenes h\u00f4teli\u00e8res dont on devine le d\u00e9cor avant m\u00eame d&rsquo;y avoir pos\u00e9 le pied, l&rsquo;<a data-offer-url=\"https:\/\/www.hotelmasse.com\/\" class=\"external-link\" data-event-click=\"{&quot;element&quot;:&quot;ExternalLink&quot;,&quot;outgoingURL&quot;:&quot;https:\/\/www.hotelmasse.com\/&quot;}\" href=\"https:\/\/www.hotelmasse.com\/\" rel=\"nofollow noopener\" target=\"_blank\"><strong>H\u00f4tel Mass\u00e9<\/strong><\/a> vient tout juste d&rsquo;ouvrir ses portes \u00e0 Paris. Pile entre le Sacr\u00e9-Coeur et la charmante place Saint-Georges, il est l&rsquo;oeuvre d&rsquo;<strong>Eole<\/strong> et <strong>Corto Peyron<\/strong>, une soeur et un fr\u00e8re qui l&rsquo;ont con\u00e7u avec la m\u00eame minutie et le m\u00eame souci de praticit\u00e9 qu&rsquo;une maison de particulier. Confiant les r\u00eanes de l&rsquo;architecture d&rsquo;int\u00e9rieur \u00e0 <strong>Juliette Gasparetto<\/strong> et <strong>Julie Parenti<\/strong> (duo form\u00e9 notamment chez <strong>Festen<\/strong>), le lieu ne renferme que 40 chambres, reparties sur 6 \u00e9tages, un salon o\u00f9 prendre le petit-d\u00e9jeuner et une salle de sport.<\/p>\n<p><strong>Le premier h\u00f4tel sous drapeau Gasparetto Parenti \u00e0 d\u00e9couvrir cet automne \u00e0 Paris<\/strong><img decoding=\"async\" alt=\"Hotel Masse\u0301 \u00e0 Paris\" loading=\"lazy\" class=\"ResponsiveImageContainer-eNxvmU cfBbTk responsive-image__image\"   src=\"https:\/\/www.europesays.com\/fr\/wp-content\/uploads\/2025\/09\/Hotel%20Masse%CC%81%20Recap%20Hi%20Res-17.jpg\"\/><\/p>\n<p>Hotel Masse\u0301 \u00e0 Paris<\/p>\n<p>Riche d&rsquo;une curation tr\u00e8s personnelle, on y d\u00e9couvre des objets et attentions du quotidien qui le rendent vivant et chaleureux : des romans d&rsquo;<strong>Annie Ernaux<\/strong> qui peuplent les \u00e9tag\u00e8res du lobby au banana bread laiss\u00e9 \u00e0 disposition des voyageurs, \u00e0 picorer accompagn\u00e9 d&rsquo;un th\u00e9 du <strong>Conservatoire des H\u00e9misph\u00e8res<\/strong>. Star des lieux, une peinture g\u00e9ante de <strong>Christian Rosa<\/strong> est m\u00eame devenue virale sur les r\u00e9seaux sociaux. Ind\u00e9niablement belle, l&rsquo;histoire de son cr\u00e9ateur est surtout pas banal. Apr\u00e8s avoir connu un d\u00e9but de carri\u00e8re fulgurant \u00e0 Los Angeles, comptant <strong>Leonardo DiCaprio<\/strong> dans sa liste de clients, l&rsquo;artiste originaire de Rio de Janeiro se fait arr\u00eater pour avoir r\u00e9alis\u00e9 une fausse oeuvre de <strong>Raymond Pettibon<\/strong>, son ancien mentor. Sa peine purg\u00e9e, il revient dans la capitale o\u00f9 il signe cette toile minimaliste avant de s&rsquo;envoler pour la prochaine \u00e9dition du Art Basel \u00e0 Miami.<\/p>\n","protected":false},"excerpt":{"rendered":"Alternative aux palaces parisiens et autres cha\u00eenes h\u00f4teli\u00e8res dont on devine le d\u00e9cor avant m\u00eame d&rsquo;y avoir pos\u00e9&hellip;\n","protected":false},"author":2,"featured_media":429092,"comment_status":"","ping_status":"","sticky":false,"template":"","format":"standard","meta":{"footnotes":""},"categories":[1888],"tags":[1111,1928,11,1927,1777,674,1011,27,190,12,1926,626,1925,25,1666],"class_list":{"0":"post-429091","1":"post","2":"type-post","3":"status-publish","4":"format-standard","5":"has-post-thumbnail","7":"category-paris","8":"tag-actu","9":"tag-actu-paris","10":"tag-actualites","11":"tag-actualites-paris","12":"tag-eu","13":"tag-europe","14":"tag-fr","15":"tag-france","16":"tag-hotel","17":"tag-news","18":"tag-news-paris","19":"tag-paris","20":"tag-paris-news","21":"tag-republique-francaise","22":"tag-voyages"},"share_on_mastodon":{"url":"https:\/\/pubeurope.com\/@fr\/115294341207365646","error":""},"_links":{"self":[{"href":"https:\/\/www.europesays.com\/fr\/wp-json\/wp\/v2\/posts\/429091","targetHints":{"allow":["GET"]}}],"collection":[{"href":"https:\/\/www.europesays.com\/fr\/wp-json\/wp\/v2\/posts"}],"about":[{"href":"https:\/\/www.europesays.com\/fr\/wp-json\/wp\/v2\/types\/post"}],"author":[{"embeddable":true,"href":"https:\/\/www.europesays.com\/fr\/wp-json\/wp\/v2\/users\/2"}],"replies":[{"embeddable":true,"href":"https:\/\/www.europesays.com\/fr\/wp-json\/wp\/v2\/comments?post=429091"}],"version-history":[{"count":0,"href":"https:\/\/www.europesays.com\/fr\/wp-json\/wp\/v2\/posts\/429091\/revisions"}],"wp:featuredmedia":[{"embeddable":true,"href":"https:\/\/www.europesays.com\/fr\/wp-json\/wp\/v2\/media\/429092"}],"wp:attachment":[{"href":"https:\/\/www.europesays.com\/fr\/wp-json\/wp\/v2\/media?parent=429091"}],"wp:term":[{"taxonomy":"category","embeddable":true,"href":"https:\/\/www.europesays.com\/fr\/wp-json\/wp\/v2\/categories?post=429091"},{"taxonomy":"post_tag","embeddable":true,"href":"https:\/\/www.europesays.com\/fr\/wp-json\/wp\/v2\/tags?post=429091"}],"curies":[{"name":"wp","href":"https:\/\/api.w.org\/{rel}","templated":true}]}}