{"id":429108,"date":"2025-09-30T17:14:13","date_gmt":"2025-09-30T17:14:13","guid":{"rendered":"https:\/\/www.europesays.com\/fr\/429108\/"},"modified":"2025-09-30T17:14:13","modified_gmt":"2025-09-30T17:14:13","slug":"produits-de-premiere-necessite-quels-sont-les-pays-de-lue-qui-sen-privent-le-plus","status":"publish","type":"post","link":"https:\/\/www.europesays.com\/fr\/429108\/","title":{"rendered":"Produits de premi\u00e8re n\u00e9cessit\u00e9 : quels sont les pays de l&rsquo;UE qui s&rsquo;en privent le plus\u00a0?"},"content":{"rendered":"<p>          <img decoding=\"async\" class=\"c-ad__placeholder__logo\" src=\"https:\/\/static.euronews.com\/website\/images\/logos\/logo-euronews-stacked-outlined-72x72-grey-9.svg\" width=\"72\" height=\"72\" alt=\"\" loading=\"lazy\"\/><br \/>\n          PUBLICIT\u00c9<\/p>\n<p>Selon les derni\u00e8res donn\u00e9es d&rsquo;Eurostat, environ 27,5 millions de citoyens de l&rsquo;Union europ\u00e9enne vivent dans des conditions de privation s\u00e9v\u00e8re, qu&rsquo;elle soit sociale ou mat\u00e9rielle. <\/p>\n<p>La privation mat\u00e9rielle et sociale fait r\u00e9f\u00e9rence \u00e0 l&rsquo;incapacit\u00e9 de s&rsquo;offrir certains biens ou services consid\u00e9r\u00e9s comme souhaitables, voire n\u00e9cessaires, pour mener une vie convenable.<\/p>\n<p>Les taux les plus \u00e9lev\u00e9s ont \u00e9t\u00e9 relev\u00e9s en Europe de l&rsquo;Est, la Roumanie arrivant en t\u00eate. Dans ce pays, 17,2 % des personnes ont du mal \u00e0 joindre les deux bouts.<\/p>\n<p>Elle est suivie par la Bulgarie (16,5 %) et la Gr\u00e8ce (14 %). Ces trois pays figuraient \u00e9galement en t\u00eate du classement de l&rsquo;ann\u00e9e derni\u00e8re.<\/p>\n<p>Toutefois, la Roumanie et la Bulgarie ont enregistr\u00e9 une am\u00e9lioration substantielle depuis l&rsquo;ann\u00e9e derni\u00e8re, selon les donn\u00e9es d&rsquo;Eurostat.<\/p>\n<p>La Roumanie a r\u00e9duit le taux de 2,6 %, tandis que la Bulgarie l&rsquo;a r\u00e9duit de 1,5 %.<\/p>\n<p>Dans le m\u00eame temps, la proportion de personnes ayant du mal \u00e0 joindre les deux bouts a augment\u00e9 de 0,9 % en Finlande, de 0,6 % en Estonie et en Slovaquie et de 0,5 % en Su\u00e8de et en Gr\u00e8ce.<\/p>\n<p>\u00c0 l&rsquo;appos\u00e9, la Slov\u00e9nie (1,8%), la Croatie (2,0%), la Pologne et le Luxembourg (2,3% chacun) et Chypre (2,5%) ont enregistr\u00e9 les taux les plus bas.<\/p>\n<p>La plupart des r\u00e9gions des pays nordiques ont enregistr\u00e9 des taux inf\u00e9rieurs \u00e0 5,0%.<\/p>\n<p>Que signifie vivre dans la privation sociale et mat\u00e9rielle ?<\/p>\n<p>Vivre dans la privation mat\u00e9rielle et sociale n&rsquo;\u00e9quivaut pas exactement \u00e0 la pauvret\u00e9, mais cela s&rsquo;en approche.<\/p>\n<p>Selon Eurostat, les personnes appartenant \u00e0 cette cat\u00e9gorie n&rsquo;ont pas les moyens de s&rsquo;offrir les commodit\u00e9s de base de la vie quotidienne, par exemple une semaine de vacances par an, une connexion \u00e0 Internet, un repas \u00e0 base de viande ou de poisson tous les deux jours, ou une sortie au restaurant une fois par mois.<\/p>\n<p>Il s&rsquo;agit \u00e9galement d&rsquo;un niveau de confort moindre, par exemple l&rsquo;impossibilit\u00e9 de faire face \u00e0 des d\u00e9penses impr\u00e9vues, de remplacer des v\u00eatements ou des meubles us\u00e9s ou de chauffer suffisamment sa maison.<\/p>\n<p>Des \u00e9carts qui se creusent \u00e0 l&rsquo;\u00e9chelle r\u00e9gionale<\/p>\n<p>Au niveau r\u00e9gional, les chiffres sont plus frappants.<\/p>\n<p>Les \u00eeles grecques de la mer Ionienne affichent un taux de 28 %, le sud-est de la Roumanie plus de 26 % et la Calabre italienne pr\u00e8s de 25 %, ce qui signifie qu&rsquo;environ un quart des citoyens n&rsquo;ont pas les moyens d&rsquo;acheter les articles ou les services consid\u00e9r\u00e9s comme n\u00e9cessaires \u00e0 une vie d\u00e9cente.<\/p>\n<p>En fait, l&rsquo;Italie enregistre la plus grande disparit\u00e9 de l&rsquo;UE entre ses r\u00e9gions les plus riches et les plus pauvres, \u00e0 savoir 24,8 points de pourcentage.<\/p>\n<p>Des \u00e9carts importants ont \u00e9galement \u00e9t\u00e9 enregistr\u00e9s en Gr\u00e8ce et en Roumanie : 20,3 points de pourcentage et 16 points de pourcentage, respectivement.<\/p>\n<p>O\u00f9 se situent les taux de privation les plus \u00e9lev\u00e9s en Europe occidentale ?<\/p>\n<p>En France, les r\u00e9gions pr\u00e9sentant les taux de privation les plus \u00e9lev\u00e9s sont toutes des territoires d&rsquo;outre-mer : La Guyane (19,8 points de pourcentage), la Guadeloupe et la R\u00e9union (12,9 points de pourcentage).<\/p>\n<p>En dehors de la Calabre, le taux le plus \u00e9lev\u00e9 d&rsquo;Europe occidentale est enregistr\u00e9 \u00e0 Bruxelles (13,6 %), suivi par un autre territoire belge, la province du Hainaut (13,2 %).<\/p>\n<p>D&rsquo;un point de vue d\u00e9mographique, le groupe le plus touch\u00e9 est celui des hommes de moins de 18 ans. Au total, 8,1 % des hommes mineurs de l&rsquo;Union europ\u00e9enne vivent dans une situation de privation sociale et mat\u00e9rielle grave.<\/p>\n<p>Les retrait\u00e9s et les personnes \u00e2g\u00e9es de plus de 65 ans en g\u00e9n\u00e9ral semblent \u00eatre les moins expos\u00e9s (5,1 %).<\/p>\n","protected":false},"excerpt":{"rendered":"PUBLICIT\u00c9 Selon les derni\u00e8res donn\u00e9es d&rsquo;Eurostat, environ 27,5 millions de citoyens de l&rsquo;Union europ\u00e9enne vivent dans des conditions&hellip;\n","protected":false},"author":2,"featured_media":429109,"comment_status":"","ping_status":"","sticky":false,"template":"","format":"standard","meta":{"footnotes":""},"categories":[1586],"tags":[11,33,1777,674,1779,1011,27,12,4518,25,1778,364],"class_list":{"0":"post-429108","1":"post","2":"type-post","3":"status-publish","4":"format-standard","5":"has-post-thumbnail","7":"category-europe","8":"tag-actualites","9":"tag-economie","10":"tag-eu","11":"tag-europe","12":"tag-european-union","13":"tag-fr","14":"tag-france","15":"tag-news","16":"tag-pauvrete","17":"tag-republique-francaise","18":"tag-ue","19":"tag-union-europeenne"},"share_on_mastodon":{"url":"https:\/\/pubeurope.com\/@fr\/115294376320308712","error":""},"_links":{"self":[{"href":"https:\/\/www.europesays.com\/fr\/wp-json\/wp\/v2\/posts\/429108","targetHints":{"allow":["GET"]}}],"collection":[{"href":"https:\/\/www.europesays.com\/fr\/wp-json\/wp\/v2\/posts"}],"about":[{"href":"https:\/\/www.europesays.com\/fr\/wp-json\/wp\/v2\/types\/post"}],"author":[{"embeddable":true,"href":"https:\/\/www.europesays.com\/fr\/wp-json\/wp\/v2\/users\/2"}],"replies":[{"embeddable":true,"href":"https:\/\/www.europesays.com\/fr\/wp-json\/wp\/v2\/comments?post=429108"}],"version-history":[{"count":0,"href":"https:\/\/www.europesays.com\/fr\/wp-json\/wp\/v2\/posts\/429108\/revisions"}],"wp:featuredmedia":[{"embeddable":true,"href":"https:\/\/www.europesays.com\/fr\/wp-json\/wp\/v2\/media\/429109"}],"wp:attachment":[{"href":"https:\/\/www.europesays.com\/fr\/wp-json\/wp\/v2\/media?parent=429108"}],"wp:term":[{"taxonomy":"category","embeddable":true,"href":"https:\/\/www.europesays.com\/fr\/wp-json\/wp\/v2\/categories?post=429108"},{"taxonomy":"post_tag","embeddable":true,"href":"https:\/\/www.europesays.com\/fr\/wp-json\/wp\/v2\/tags?post=429108"}],"curies":[{"name":"wp","href":"https:\/\/api.w.org\/{rel}","templated":true}]}}