{"id":429123,"date":"2025-09-30T17:24:10","date_gmt":"2025-09-30T17:24:10","guid":{"rendered":"https:\/\/www.europesays.com\/fr\/429123\/"},"modified":"2025-09-30T17:24:10","modified_gmt":"2025-09-30T17:24:10","slug":"le-parc-des-princes-va-accueillir-trois-grands-matchs-des-feminines-du-psg","status":"publish","type":"post","link":"https:\/\/www.europesays.com\/fr\/429123\/","title":{"rendered":"le Parc des Princes va accueillir trois (grands) matchs des f\u00e9minines du PSG"},"content":{"rendered":"<p>Deux rencontres de Ligue des champions et le choc face aux Lyonnaises en championnat se disputeront au Parc des Princes.<\/p>\n<p class=\"fig-paragraph\">Le\u00a0<a href=\"http:\/\/www.lefigaro.fr\/sports\/football\/ligue-des-champions\/luis-enrique-avant-barcelone-psg-c-est-un-match-important-mais-pas-determinant-20250930\" data-fig-type=\"NewsFlash\" data-gtm-custom-categorie=\"navigation\" data-gtm-custom-action=\"crossclick\" data-gtm-custom-label=\"Contextuel\" data-gtm-event=\"customEventSPE\" data-fig-domain=\"LEFIGARO\" target=\"_blank\" rel=\"noopener\">Paris Saint-Germain<\/a>\u00a0f\u00e9minin a annonc\u00e9 ce mardi qu\u2019il allait disputer trois matchs au Parc des Princes d\u2019ici le 1er f\u00e9vrier 2026.<\/p>\n<p class=\"fig-paragraph\">Le PSG \u00ablance \u00e0 cette occasion une nouvelle offre billetterie\u00a0: le Pack Parc des Princes, permettant d\u2019assister aux trois rencontres \u00e0 un tarif avantageux. Une occasion unique pour les supporters de vivre pleinement l\u2019aventure europ\u00e9enne et la grande affiche nationale aux c\u00f4t\u00e9s des Parisiennes\u00bb, peut-on lire dans le communiqu\u00e9 du club.<\/p>\n<p>                                    <a class=\"fig-a11y-skip a11y-hidden\" href=\"#fig-a11y-skip-main-inarticle\"><br \/>\n        Passer la publicit\u00e9<br \/>\n    <\/a><\/p>\n<p class=\"fig-paragraph\">Les joueuses de la capitale y recevront le Bayern Munich puis Louvain en Ligue des champions avant le choc face \u00e0 OL Lyonnes lors de la 10e journ\u00e9e d\u2019Ark\u00e9ma Premi\u00e8re Ligue. Pr\u00e9vu le 16 octobre, le duel face au Real Madrid lors de la deuxi\u00e8me journ\u00e9e de Ligue des champions se disputera au Campus PSG de Poissy.<\/p>\n<p class=\"fig-paragraph\"><strong>Le calendrier des rencontres \u00e0 venir au Parc des Princes\u00a0:\u00a0<\/strong><\/p>\n<ul class=\"fig-list\">\n<li>Jeudi 20 novembre, 21h \u2013 Parc des Princes (Paris)\u00a0<br \/>UWCL, match 4\u00a0: <strong>Paris Saint-Germain vs FC Bayern Munich\u00a0<\/strong><\/li>\n<li>Mercredi 9 d\u00e9cembre, 21h &#8211; Parc des Princes (Paris)\u00a0<br \/>UWCL, match 5\u00a0: <strong>Paris Saint-Germain vs Oh Leuven\u00a0<\/strong><\/li>\n<li>Samedi 1er f\u00e9vrier, 21h \u2013 Parc des Princes (Paris) -TBC\u00a0<br \/>J10, Arkema Premi\u00e8re Ligue\u00a0:<strong> Paris Saint-Germain vs Olympique Lyonnais\u00a0<\/strong><\/li>\n<\/ul>\n","protected":false},"excerpt":{"rendered":"Deux rencontres de Ligue des champions et le choc face aux Lyonnaises en championnat se disputeront au Parc&hellip;\n","protected":false},"author":2,"featured_media":429124,"comment_status":"","ping_status":"","sticky":false,"template":"","format":"standard","meta":{"footnotes":""},"categories":[1412],"tags":[1451,3236,1452,1453,1454,1455,1011,27,93,60],"class_list":{"0":"post-429123","1":"post","2":"type-post","3":"status-publish","4":"format-standard","5":"has-post-thumbnail","7":"category-f1","8":"tag-f1","9":"tag-football-feminin","10":"tag-formula-1","11":"tag-formula1","12":"tag-formule-1","13":"tag-formule1","14":"tag-fr","15":"tag-france","16":"tag-psg","17":"tag-sports"},"share_on_mastodon":{"url":"https:\/\/pubeurope.com\/@fr\/115294415312885814","error":""},"_links":{"self":[{"href":"https:\/\/www.europesays.com\/fr\/wp-json\/wp\/v2\/posts\/429123","targetHints":{"allow":["GET"]}}],"collection":[{"href":"https:\/\/www.europesays.com\/fr\/wp-json\/wp\/v2\/posts"}],"about":[{"href":"https:\/\/www.europesays.com\/fr\/wp-json\/wp\/v2\/types\/post"}],"author":[{"embeddable":true,"href":"https:\/\/www.europesays.com\/fr\/wp-json\/wp\/v2\/users\/2"}],"replies":[{"embeddable":true,"href":"https:\/\/www.europesays.com\/fr\/wp-json\/wp\/v2\/comments?post=429123"}],"version-history":[{"count":0,"href":"https:\/\/www.europesays.com\/fr\/wp-json\/wp\/v2\/posts\/429123\/revisions"}],"wp:featuredmedia":[{"embeddable":true,"href":"https:\/\/www.europesays.com\/fr\/wp-json\/wp\/v2\/media\/429124"}],"wp:attachment":[{"href":"https:\/\/www.europesays.com\/fr\/wp-json\/wp\/v2\/media?parent=429123"}],"wp:term":[{"taxonomy":"category","embeddable":true,"href":"https:\/\/www.europesays.com\/fr\/wp-json\/wp\/v2\/categories?post=429123"},{"taxonomy":"post_tag","embeddable":true,"href":"https:\/\/www.europesays.com\/fr\/wp-json\/wp\/v2\/tags?post=429123"}],"curies":[{"name":"wp","href":"https:\/\/api.w.org\/{rel}","templated":true}]}}